{"id":10931,"date":"2017-01-16T12:10:02","date_gmt":"2017-01-16T17:10:02","guid":{"rendered":"http:\/\/www.biblia.work\/noticias\/250-lideres-evangelicos-van-a-washington-para-defender-a-israel\/"},"modified":"2017-01-16T12:10:02","modified_gmt":"2017-01-16T17:10:02","slug":"250-lideres-evangelicos-van-a-washington-para-defender-a-israel","status":"publish","type":"post","link":"https:\/\/www.biblia.work\/noticias\/250-lideres-evangelicos-van-a-washington-para-defender-a-israel\/","title":{"rendered":"250 l\u00edderes evang\u00e9licos van a Washington para defender a Israel"},"content":{"rendered":"<p style=\"text-align: justify\">WASHINGTON, EE.UU.- La promesa de Donald Trump de mover la embajada estadounidense de Tel Aviv a Jerusal\u00e9n es mucho m\u00e1s que un acto pol\u00edtico. Para muchos jud\u00edos y cristianos de todo el mundo tiene un significado espiritual.<\/p>\n<p style=\"text-align: justify\">En primer lugar, es el reconocimiento de la revelaci\u00f3n b\u00edblica sobre la ciudad y su importancia. Adem\u00e1s, se cree que el gesto puede influir en otros pa\u00edses a hacer lo mismo, el env\u00edo ser\u00eda un mensaje global de reconocimiento de la ciudad antigua como la capital &#8216;de hecho&#8217; del estado jud\u00edo, algo que molesta al mundo musulm\u00e1n.<\/p>\n<p style=\"text-align: justify\">El jueves (12), m\u00e1s de 250 l\u00edderes de Christians United for Israel [Cristianos Unidos por Israel], ministerio dirigido por el pastor John Hagee fueron a la capital Washington. Ellos se dirigieron al Capitolio, donde tratan de presionar al Congreso norteamericano para que autorice el cambio definitivo de la embajada de EE.UU. una vez que Trump tome posesi\u00f3n de su cargo el 20 de enero.<\/p>\n<p style=\"text-align: justify\">Representando a los evang\u00e9licos de diversas denominaciones, ellos recalcaron que no aceptan las recientes decisiones de las Naciones Unidas que ignoran las relaciones hist\u00f3ricas de los jud\u00edos con su &#8220;capital eterna&#8221; y el Monte del Templo. Tambi\u00e9n se quejan de la postura de Obama, que clasifica, junto con la ONU, los asentamientos en Judea y Samaria como &#8220;territorio palestino ocupado&#8221;.<\/p>\n<p style=\"text-align: justify\">El primer ministro de Israel, Benjamin Netanyahu, llam\u00f3 a la decisi\u00f3n de Estados Unidos de &#8220;vergonzosa&#8221; y la CUFI se hace eco de ello. El pastor John Hagee, fundador del ministerio, dijo a principios de esta semana: &#8220;Hay millones de cristianos sionistas que est\u00e1n enojados con el trato que el gobierno de Obama dio a Israel. Vamos a hacer o\u00edr nuestra voz en ambas c\u00e1maras del Congreso&#8221;.<\/p>\n<p style=\"text-align: justify\">Citando varios vers\u00edculos de la Biblia, se hizo hincapi\u00e9 en que ning\u00fan hombre o naci\u00f3n puede anular las promesas de Dios, &#8220;por lo que estamos del lado de Israel y el pueblo jud\u00edo&#8221;.<\/p>\n<p style=\"text-align: justify\"><strong>Nuevo embajador que promueve el cambio<\/strong><\/p>\n<p style=\"text-align: justify\">Las dos medidas que la CUFI apoya se presentaron en el Congreso y en el Senado por el Partido Republicano. Una de las denuncias es la decisi\u00f3n de la Seguridad de la ONU contra Israel y la otra pide cortar por la mitad los fondos de seguridad para todas las embajadas de Estados Unidos y que la embajada sea movida a Jerusal\u00e9n.<\/p>\n<p style=\"text-align: justify\">Promesa de campa\u00f1a de Trump, del cambio de embajada fue defendido por el nuevo embajador estadounidense en Israel, David Friedman. \u00c9l es jud\u00edo y un abogado de renombre que tiene un historial de alineaci\u00f3n con el gobierno de Netanyahu.<\/p>\n<p style=\"text-align: justify\">Friedman ha expresado su deseo de trabajar para mantener la alianza con Israel. &#8220;Voy a trabajar sin descanso para fortalecer el v\u00ednculo inquebrantable entre nuestros pa\u00edses y promover la causa de la paz en la regi\u00f3n. Y espero hacer eso de la embajada de EE.UU. a la capital eterna de Israel, Jerusal\u00e9n&#8221;, dijo en su primera entrevista despu\u00e9s de su nombramiento.<\/p>\n<p style=\"text-align: justify\">La entrada <a rel=\"nofollow\" href=\"http:\/\/www.noticiacristiana.com\/iglesia\/israel\/2017\/01\/lideres-evangelicos-defender-israel.html\">250 l\u00edderes evang\u00e9licos van a Washington para defender a Israel<\/a> aparece primero en <a rel=\"nofollow\" href=\"http:\/\/www.noticiacristiana.com\">NoticiaCristiana.com<\/a>.<\/p>\n","protected":false},"excerpt":{"rendered":"<p>WASHINGTON, EE.UU.- La promesa de Donald Trump de mover la embajada estadounidense de Tel Aviv a Jerusal\u00e9n es mucho m\u00e1s que un acto pol\u00edtico. Para muchos jud\u00edos y cristianos de todo el mundo tiene un significado espiritual. En primer lugar, es el reconocimiento de la revelaci\u00f3n b\u00edblica sobre la ciudad y su importancia. Adem\u00e1s, se &hellip; <a href=\"https:\/\/www.biblia.work\/noticias\/250-lideres-evangelicos-van-a-washington-para-defender-a-israel\/\" class=\"more-link\">Continuar leyendo<span class=\"screen-reader-text\"> \u00ab250 l\u00edderes evang\u00e9licos van a Washington para defender a Israel\u00bb<\/span><\/a><\/p>\n","protected":false},"author":1,"featured_media":0,"comment_status":"open","ping_status":"closed","sticky":false,"template":"","format":"standard","meta":{"footnotes":""},"categories":[1],"tags":[],"class_list":["post-10931","post","type-post","status-publish","format-standard","hentry","category-general"],"_links":{"self":[{"href":"https:\/\/www.biblia.work\/noticias\/wp-json\/wp\/v2\/posts\/10931","targetHints":{"allow":["GET"]}}],"collection":[{"href":"https:\/\/www.biblia.work\/noticias\/wp-json\/wp\/v2\/posts"}],"about":[{"href":"https:\/\/www.biblia.work\/noticias\/wp-json\/wp\/v2\/types\/post"}],"author":[{"embeddable":true,"href":"https:\/\/www.biblia.work\/noticias\/wp-json\/wp\/v2\/users\/1"}],"replies":[{"embeddable":true,"href":"https:\/\/www.biblia.work\/noticias\/wp-json\/wp\/v2\/comments?post=10931"}],"version-history":[{"count":0,"href":"https:\/\/www.biblia.work\/noticias\/wp-json\/wp\/v2\/posts\/10931\/revisions"}],"wp:attachment":[{"href":"https:\/\/www.biblia.work\/noticias\/wp-json\/wp\/v2\/media?parent=10931"}],"wp:term":[{"taxonomy":"category","embeddable":true,"href":"https:\/\/www.biblia.work\/noticias\/wp-json\/wp\/v2\/categories?post=10931"},{"taxonomy":"post_tag","embeddable":true,"href":"https:\/\/www.biblia.work\/noticias\/wp-json\/wp\/v2\/tags?post=10931"}],"curies":[{"name":"wp","href":"https:\/\/api.w.org\/{rel}","templated":true}]}}