{"id":11417,"date":"2017-01-30T13:05:02","date_gmt":"2017-01-30T18:05:02","guid":{"rendered":"http:\/\/www.biblia.work\/noticias\/cardenal-rivera-muro-de-la-verguenza-de-trump-lo-aislara-no-solo-de-mexico-sino-del-mundo\/"},"modified":"2017-01-30T13:05:02","modified_gmt":"2017-01-30T18:05:02","slug":"cardenal-rivera-muro-de-la-verguenza-de-trump-lo-aislara-no-solo-de-mexico-sino-del-mundo","status":"publish","type":"post","link":"https:\/\/www.biblia.work\/noticias\/cardenal-rivera-muro-de-la-verguenza-de-trump-lo-aislara-no-solo-de-mexico-sino-del-mundo\/","title":{"rendered":"Cardenal Rivera: Muro de la verg\u00fcenza de Trump lo aislar\u00e1 no solo de M\u00e9xico sino del mundo"},"content":{"rendered":"<p> CIUDAD DE M\u00c9XICO, 30 Ene. 17 (ACI).-<br \/>\n\tEl Arzobispo Primado de M&eacute;xico, Cardenal Norberto Rivera, critic&oacute; fuertemente el &ldquo;muro de la verg&uuml;enza&rdquo; que anunci&oacute; el nuevo Presidente de Estados Unidos, Donald Trump, y advirti&oacute; que esa estructura lo aislar&aacute; no solo de M&eacute;xico y Am&eacute;rica Latina, sino de todo el mundo.<\/p>\n<p style=\"text-align: justify\">\n\tEn un mensaje pronunciado el 29 de enero en la Catedral Primada de M&eacute;xico, el Cardenal Rivera alent&oacute; a los mexicanos a que &ldquo;no se dejen vencer por el des&aacute;nimo&rdquo; y record&oacute; que &ldquo;constantemente Jes&uacute;s nos dice en el Evangelio: &lsquo;no tengan miedo&rsquo;&rdquo;.<\/p>\n<p style=\"text-align: justify\">\n\t&ldquo;Para el creyente, el valor se fundamenta en el amor misericordioso de Dios que nunca abandona a sus hijos; y por otra parte, el valor debe surgir de nosotros mismos, de la conciencia clara de saber qui&eacute;nes somos, cu&aacute;les son nuestros principios, valores, fortalezas, y tambi&eacute;n, &iquest;por qu&eacute; no?, nuestras debilidades y carencias&rdquo;.<\/p>\n<p style=\"text-align: justify\">\n\tEl Cardenal Rivera se&ntilde;al&oacute; que &ldquo;ante las amenazas que se ciernen sobre nuestros hermanos inmigrantes en los Estados Unidos, sobre nuestra econom&iacute;a, y sobre el futuro de muchas empresas y fuentes de trabajo, me ha dado una gran alegr&iacute;a constatar la espont&aacute;nea unidad de todos los mexicanos&rdquo;.<\/p>\n<p style=\"text-align: justify\">\n\t&ldquo;Hoy somos conscientes de que la fuerza de nuestro pueblo est&aacute; en la unidad nacional, en el respaldo a nuestro gobierno que, con toda raz&oacute;n, ha dejado en claro que la dignidad y soberan&iacute;a nacional no son negociables. M&eacute;xico es un pa&iacute;s grande, con una cultura memorable, con una historia rica en contrastes, con una fe inquebrantable y con una clara identidad nacional de la que nos sentimos orgullosos&rdquo;, dijo.<\/p>\n<p style=\"text-align: justify\">\n\tEl Cardenal lament&oacute; &ldquo;la provocaci&oacute;n y las agresiones del presidente estadounidense&rdquo;, y se&ntilde;al&oacute; que M&eacute;xico, en estas circunstancias, &ldquo;debe creer en el di&aacute;logo, debe optar por los puentes y no por el muro de la verg&uuml;enza, ese muro de la ignominia que no defender&aacute; a los Estados Unidos, sino que lo aislar&aacute; no s&oacute;lo de M&eacute;xico y Latinoam&eacute;rica, sino tambi&eacute;n del mundo&rdquo;.<\/p>\n<p style=\"text-align: justify\">\n\t&ldquo;No son los ciudadanos norteamericanos quienes est&aacute;n en contra de M&eacute;xico, sino algunos de sus gobernantes&rdquo;, dijo, y destac&oacute; que &ldquo;la Iglesia Cat&oacute;lica de los Estados Unidos es un claro ejemplo de solidaridad y hermandad con los mexicanos&rdquo;.<\/p>\n<p style=\"text-align: justify\">\n\t&ldquo;Por eso, hoy apelamos a nuestros hermanos norteamericanos de buena voluntad para que apoyen a M&eacute;xico, porque apoyar a este pa&iacute;s, que ha sido un vecino amistoso y leal, contribuye al bienestar y prosperidad de los mismos Estados Unidos de Am&eacute;rica&rdquo;, asegur&oacute;.<\/p>\n<p style=\"text-align: justify\">\n\tEl Arzobispo Primado de M&eacute;xico subray&oacute; que &ldquo;Am&eacute;rica no son los Estados Unidos, sino el continente entero&rdquo;.<\/p>\n<p style=\"text-align: justify\">\n\t&ldquo;M&eacute;xico, como Argentina, Per&uacute; o Canad&aacute;, tambi&eacute;n son Am&eacute;rica, y hoy por hoy estamos por una integraci&oacute;n econ&oacute;mica y cultural mundial, en la que abanderar de nueva cuenta viejos nacionalismos y proteccionismos es una insensatez, es una quimera que, agotada su ilusi&oacute;n, solo dar&aacute; frutos amargos de odio, aislamiento y pobreza&rdquo;, advirti&oacute;.<\/p>\n<p style=\"text-align: justify\">\n\tEl Cardenal Rivera reiter&oacute; a los mexicanos su exhortaci&oacute;n a no caer &ldquo;en la provocaci&oacute;n ni en la tentaci&oacute;n de responder con ofensas a las agresiones; actuemos como cristianos, siguiendo el consejo de Jes&uacute;s: &lsquo;no devuelvan mal con mal, oren por sus enemigos&rsquo;&rdquo;.<\/p>\n<p style=\"text-align: justify\">\n\t&ldquo;La fuerza que tenemos los creyentes es la oraci&oacute;n. He visto con gusto c&oacute;mo se han organizado campa&ntilde;as de oraci&oacute;n por M&eacute;xico; un&aacute;monos a ellas&rdquo;, alent&oacute;.<\/p>\n<p style=\"text-align: justify\">\n\t&ldquo;Imploremos la protecci&oacute;n de la Sant&iacute;sima Virgen Mar&iacute;a de Guadalupe, Patrona de Am&eacute;rica, a fin de invocarla como &lsquo;Consuelo de los afligidos&rsquo;; para pedir por nuestra patria, por nuestros hermanos inmigrantes, y por la paz y la concordia de nuestro pa&iacute;s&rdquo;.<\/p>\n<p style=\"text-align: justify\">\n\tEl Arzobispo de M&eacute;xico destac&oacute; que &ldquo;unidos siempre seremos fuertes. Con nuestra fe en Cristo nuestro Se&ntilde;or y en Santa Mar&iacute;a de Guadalupe seremos pr&oacute;speros; no tengamos miedo, hoy m&aacute;s que nunca debemos estar unidos y ser solidarios&rdquo;.<\/p>\n<p style=\"text-align: justify\">\n\t&ldquo;Esta es la hora de M&eacute;xico, de voltear a nosotros mismos y descubrir nuestras propias capacidades y oportunidades, no olvidemos la sabidur&iacute;a popular que reza: &lsquo;No hay mal que por bien no venga&rsquo;&rdquo;.<\/p>\n<p style=\"text-align: justify\">\n\t&ldquo;Tengamos confianza, no perdamos la fe y trabajemos sin descanso por hacer de nuestro amado M&eacute;xico una patria digna, fraterna, en la que hagamos realidad el reino de Cristo, un reino de amor, de justicia y de paz&rdquo;, concluy&oacute;.<\/p>\n<p style=\"text-align: justify\">\n\tTambi&eacute;n te puede interesar:<\/p>\n<p style=\"text-align: justify\">\n\t\tSanta Mar&iacute;a de Guadalupe es luz y gu&iacute;a en la tormenta, asegura Cardenal mexicano https:\/\/t.co\/mlmQOEvKtv<\/p>\n<p>\t&mdash; ACI Prensa (@aciprensa) 29 de enero de 2017<\/p>\n","protected":false},"excerpt":{"rendered":"<p>CIUDAD DE M\u00c9XICO, 30 Ene. 17 (ACI).- El Arzobispo Primado de M&eacute;xico, Cardenal Norberto Rivera, critic&oacute; fuertemente el &ldquo;muro de la verg&uuml;enza&rdquo; que anunci&oacute; el nuevo Presidente de Estados Unidos, Donald Trump, y advirti&oacute; que esa estructura lo aislar&aacute; no solo de M&eacute;xico y Am&eacute;rica Latina, sino de todo el mundo. En un mensaje pronunciado &hellip; <a href=\"https:\/\/www.biblia.work\/noticias\/cardenal-rivera-muro-de-la-verguenza-de-trump-lo-aislara-no-solo-de-mexico-sino-del-mundo\/\" class=\"more-link\">Continuar leyendo<span class=\"screen-reader-text\"> \u00abCardenal Rivera: Muro de la verg\u00fcenza de Trump lo aislar\u00e1 no solo de M\u00e9xico sino del mundo\u00bb<\/span><\/a><\/p>\n","protected":false},"author":1,"featured_media":0,"comment_status":"open","ping_status":"closed","sticky":false,"template":"","format":"standard","meta":{"footnotes":""},"categories":[1],"tags":[],"class_list":["post-11417","post","type-post","status-publish","format-standard","hentry","category-general"],"_links":{"self":[{"href":"https:\/\/www.biblia.work\/noticias\/wp-json\/wp\/v2\/posts\/11417","targetHints":{"allow":["GET"]}}],"collection":[{"href":"https:\/\/www.biblia.work\/noticias\/wp-json\/wp\/v2\/posts"}],"about":[{"href":"https:\/\/www.biblia.work\/noticias\/wp-json\/wp\/v2\/types\/post"}],"author":[{"embeddable":true,"href":"https:\/\/www.biblia.work\/noticias\/wp-json\/wp\/v2\/users\/1"}],"replies":[{"embeddable":true,"href":"https:\/\/www.biblia.work\/noticias\/wp-json\/wp\/v2\/comments?post=11417"}],"version-history":[{"count":0,"href":"https:\/\/www.biblia.work\/noticias\/wp-json\/wp\/v2\/posts\/11417\/revisions"}],"wp:attachment":[{"href":"https:\/\/www.biblia.work\/noticias\/wp-json\/wp\/v2\/media?parent=11417"}],"wp:term":[{"taxonomy":"category","embeddable":true,"href":"https:\/\/www.biblia.work\/noticias\/wp-json\/wp\/v2\/categories?post=11417"},{"taxonomy":"post_tag","embeddable":true,"href":"https:\/\/www.biblia.work\/noticias\/wp-json\/wp\/v2\/tags?post=11417"}],"curies":[{"name":"wp","href":"https:\/\/api.w.org\/{rel}","templated":true}]}}