{"id":11436,"date":"2017-01-31T02:15:01","date_gmt":"2017-01-31T07:15:01","guid":{"rendered":"http:\/\/www.biblia.work\/noticias\/domingo-v-del-tiempo-ordinario\/"},"modified":"2017-01-31T02:15:01","modified_gmt":"2017-01-31T07:15:01","slug":"domingo-v-del-tiempo-ordinario","status":"publish","type":"post","link":"https:\/\/www.biblia.work\/noticias\/domingo-v-del-tiempo-ordinario\/","title":{"rendered":"Domingo V del Tiempo Ordinario"},"content":{"rendered":"<p style=\"text-align: justify\">&nbsp;<\/p>\n<p style=\"text-align: justify\"><b>Ciclo A<br \/>\n<\/b><b>Textos: Isa\u00edas 58, 7-10; 1 Corintios 2, 1-5; Mateo 5, 13-16<\/b><\/p>\n<p align=\"JUSTIFY\"><span style=\"color: #333333\"><span lang=\"es-MX\">P. Antonio Rivero, L.C. Doctor en Teolog\u00eda Espiritual, profesor de Humanidades Cl\u00e1sicas en el Centro de Noviciado y Humanidades y Ciencias de la Legi\u00f3n de Cristo en Monterrey (M\u00e9xico).<\/span><\/span><\/p>\n<p align=\"JUSTIFY\">\n<p align=\"JUSTIFY\"><b>Idea principal<\/b>: el cristiano seguidor de Cristo debe ser <i>sal<\/i> y <i>luz<\/i>.<\/p>\n<p align=\"JUSTIFY\"><b>Resumen del mensaje:<\/b> Jes\u00fas sigue haciendo el retrato y la fisonom\u00eda de sus disc\u00edpulos y seguidores en el famoso Serm\u00f3n de la Monta\u00f1a (Mateo, cap\u00edtulos 5-7). Adem\u00e1s de las bienaventuranzas, que nos marcaban el camino de la aut\u00e9ntica felicidad (domingo pasado), hoy Jes\u00fas usa dos im\u00e1genes expresivas: quien lleve el nombre de <i>cristiano<\/i> debe ser <i>sal<\/i> y <i>luz<\/i> en este mundo (evangelio).<\/p>\n<p align=\"JUSTIFY\"><b>Puntos de la idea principal<\/b>:<\/p>\n<p align=\"JUSTIFY\"><i><b>En primer lugar<\/b><\/i>, Jes\u00fas nos dice que somos y debemos ser <i>sal<\/i>, no az\u00facar. \u00bfQu\u00e9 hace la sal? Da sabor a las comidas, es aderezo. <span style=\"color: #000000\">Impide la corrupci\u00f3n de los alimentos; es conservante, por ser \u00e1cido. Derrite el hielo en las carreteras para evitar los accidentes de tr\u00e1fico. La sal de bicarbonato es un anti\u00e1cido para el est\u00f3mago. La sal tambi\u00e9n remueve la herrumbre acumulada en las chimeneas, evitando posibles incendios peligrosos. Los colores pueden ser restaurados con el auxilio de un pa\u00f1o humedecido en una soluci\u00f3n con sal y agua. La sal mantiene lejos la polilla de las alfombras nuevas de lana. El secreto es limpiar el piso con una soluci\u00f3n concentrada de sal y agua caliente antes de poner la alfombra. Todo un s\u00edmbolo de lo que debe ser el cristiano. As\u00ed fue Jes\u00fas: con la <\/span><span style=\"color: #000000\"><i>sal<\/i><\/span><span style=\"color: #000000\"> de su palabra iba dando sabor a todas las situaciones humanas \u2013alegres y dolorosas-; iba preservando los valores humanos y morales con su mensaje divino, para que no se pudrieran. Y la segunda imagen: tambi\u00e9n el cristiano tiene que ser <\/span><span style=\"color: #000000\"><i>luz<\/i><\/span><span style=\"color: #000000\">, porque llevamos en el alma y en la conciencia el resplandor de Cristo resucitado. Somos cristianos de Pascua. Cristo con su Pascua disip\u00f3 las tinieblas del demonio, que parec\u00eda haber triunfado en ese Viernes Santo. En nuestras pupilas brilla la luz del cirio pascual. En nuestros labios resuena el \u201c<\/span><span style=\"color: #000000\"><i>Lumen<\/i><\/span> <span style=\"color: #000000\"><i>Christi<\/i><\/span><span style=\"color: #000000\">\u201d. Nuestras manos sostienen la vela que se alimenta de ese cirio pascual que es Cristo. Desafiamos a Nietzsche, pues s\u00ed tenemos rostros de resucitados.<\/span><\/p>\n<p align=\"JUSTIFY\"><i><b>En segundo lugar<\/b><\/i>, <span style=\"color: #000000\">que Dios nos libre de ser cristianos ins\u00edpidos y apagados. Con la <\/span><span style=\"color: #000000\"><i>sal<\/i><\/span><span style=\"color: #000000\">, daremos sabor a nuestra vida cristiana y tambi\u00e9n curaremos las heridas de nuestros hermanos (primera lectura), no con palabras rimbombantes, sino con la palabra y b\u00e1lsamo del crucificado (segunda lectura) y preservaremos nuestro mundo de la opresi\u00f3n e injusticia (primera lectura) y de la mundanidad. Con la sal \u2013dice el Cris\u00f3stomo- podemos volver a su sabor quienes se tornaron ins\u00edpidos, pero con la sal en su medida; mucha sal estropea la comida. Con la <\/span><span style=\"color: #000000\"><i>luz<\/i><\/span><span style=\"color: #000000\"> de la fe en Cristo iluminamos nuestro interior e iluminamos nuestro ambiente, all\u00e1 donde estamos. Fe que nos ilumina desde dentro, como trata de expresarlo la iconograf\u00eda oriental. Con ella vivimos en este mundo para no tropezar, s\u00ed, pero con los ojos puestos en la eternidad. Por la luz de la fe vemos con claridad cu\u00e1l es el camino que nos conduce al cielo. Ya no somos \u201cun pueblo que anda en tinieblas\u201d, sino que tiene \u201cla luz de la vida\u201d. <\/span><\/p>\n<p align=\"JUSTIFY\"><i><b>Finalmente<\/b><\/i>, cuidemos de no estropear la <i>sal<\/i> ech\u00e1ndole otras sustancias edulcorantes, como pueden ser nuestros gustos personales y los condimentos picantes de este mundo. Cuidemos nuestra <i>luz<\/i>, que es participaci\u00f3n de la de Cristo, para que no alumbremos con la min\u00fascula luz de nuestras tontas vanidades o deslumbremos con nuestros saberes enciclop\u00e9dicos y culturales mundanos (segunda lectura).<\/p>\n<p align=\"JUSTIFY\"><b>Para reflexionar<\/b>: \u00bfSoy sal o az\u00facar; soso o salado? \u00bfSoy luz u oscuridad con mi mal ejemplo?<\/p>\n<p align=\"JUSTIFY\"><b>Para<\/b> <b>rezar<\/b>:<\/p>\n<p style=\"text-align: justify\"><span style=\"color: #000000\"><i>Te necesito a ti, Se\u00f1or, para ser sal en medio<br \/>\nde los quehaceres de la vida diaria;<br \/>\nser sal cuando preparo la mesa, pongo la lavadora,<br \/>\nvoy conduciendo, o estoy en mi oficina.<br \/>\nSer sal y luz porque en tu nombre, Se\u00f1or, sepa dar el sabor o la luz<br \/>\nde la concordia, del consuelo, de la alegr\u00eda, del perd\u00f3n, de la esperanza.<\/i><\/span><\/p>\n<p style=\"text-align: justify\"><span style=\"color: #000000\"><i>Te necesito, Se\u00f1or, para ser luz en medio de un mundo de tinieblas,<br \/>\nun mundo injusto al que amo.<\/i><\/span><\/p>\n<p><span class=\"et_bloom_bottom_trigger\"><\/span><\/p>\n<p><a href=\"https:\/\/es.zenit.org\/\" target=\"_blank\" rel=\"nofollow\">Fuente: es.zenit.org<\/a><\/p>\n","protected":false},"excerpt":{"rendered":"<p>&nbsp; Ciclo A Textos: Isa\u00edas 58, 7-10; 1 Corintios 2, 1-5; Mateo 5, 13-16 P. Antonio Rivero, L.C. Doctor en Teolog\u00eda Espiritual, profesor de Humanidades Cl\u00e1sicas en el Centro de Noviciado y Humanidades y Ciencias de la Legi\u00f3n de Cristo en Monterrey (M\u00e9xico). Idea principal: el cristiano seguidor de Cristo debe ser sal y luz. &hellip; <a href=\"https:\/\/www.biblia.work\/noticias\/domingo-v-del-tiempo-ordinario\/\" class=\"more-link\">Continuar leyendo<span class=\"screen-reader-text\"> \u00abDomingo V del Tiempo Ordinario\u00bb<\/span><\/a><\/p>\n","protected":false},"author":1,"featured_media":0,"comment_status":"open","ping_status":"closed","sticky":false,"template":"","format":"standard","meta":{"footnotes":""},"categories":[1],"tags":[],"class_list":["post-11436","post","type-post","status-publish","format-standard","hentry","category-general"],"_links":{"self":[{"href":"https:\/\/www.biblia.work\/noticias\/wp-json\/wp\/v2\/posts\/11436","targetHints":{"allow":["GET"]}}],"collection":[{"href":"https:\/\/www.biblia.work\/noticias\/wp-json\/wp\/v2\/posts"}],"about":[{"href":"https:\/\/www.biblia.work\/noticias\/wp-json\/wp\/v2\/types\/post"}],"author":[{"embeddable":true,"href":"https:\/\/www.biblia.work\/noticias\/wp-json\/wp\/v2\/users\/1"}],"replies":[{"embeddable":true,"href":"https:\/\/www.biblia.work\/noticias\/wp-json\/wp\/v2\/comments?post=11436"}],"version-history":[{"count":0,"href":"https:\/\/www.biblia.work\/noticias\/wp-json\/wp\/v2\/posts\/11436\/revisions"}],"wp:attachment":[{"href":"https:\/\/www.biblia.work\/noticias\/wp-json\/wp\/v2\/media?parent=11436"}],"wp:term":[{"taxonomy":"category","embeddable":true,"href":"https:\/\/www.biblia.work\/noticias\/wp-json\/wp\/v2\/categories?post=11436"},{"taxonomy":"post_tag","embeddable":true,"href":"https:\/\/www.biblia.work\/noticias\/wp-json\/wp\/v2\/tags?post=11436"}],"curies":[{"name":"wp","href":"https:\/\/api.w.org\/{rel}","templated":true}]}}