{"id":11439,"date":"2017-01-31T06:15:02","date_gmt":"2017-01-31T11:15:02","guid":{"rendered":"http:\/\/www.biblia.work\/noticias\/alto-el-fuego-el-documental-de-los-salesianos-sobre-los-ninos-soldado-en-colombia\/"},"modified":"2017-01-31T06:15:02","modified_gmt":"2017-01-31T11:15:02","slug":"alto-el-fuego-el-documental-de-los-salesianos-sobre-los-ninos-soldado-en-colombia","status":"publish","type":"post","link":"https:\/\/www.biblia.work\/noticias\/alto-el-fuego-el-documental-de-los-salesianos-sobre-los-ninos-soldado-en-colombia\/","title":{"rendered":"\u201cAlto el Fuego\u201d, el documental de los salesianos sobre los ni\u00f1os soldado en Colombia"},"content":{"rendered":"<div class=\"itemIntroText\">\n<p style=\"text-align: justify\">(ZENIT &#8211; Roma).-\u00a0La procura Misionera Salesiana de Madrid presenta el jueves 2 de febrero en Roma, el documental \u201cAlto el fuego\u201d sobre el proceso de rehabilitaci\u00f3n personal y la reintegraci\u00f3n social de los ni\u00f1os soldados, realizado por los salesianos. Lo indica la congregaci\u00f3n en su web, precisando que en m\u00e1s\u00a0de 50 a\u00f1os de conflicto armado en Colombia entre la FARC, el ELN, los Paramilitares y el Estado, ha quedado un saldo de ocho millones de v\u00edctimas.<\/p>\n<\/div>\n<div class=\"itemFullText\">\n<p style=\"text-align: justify\">La explotaci\u00f3n de ni\u00f1os como soldados es una pr\u00e1ctica muy extendida en los pa\u00edses en guerra: son una mano de obra barata, f\u00e1cilmente manipulable, poco exigente, leal, que se sustituye f\u00e1cilmente, que cuesta muy poco alimentarlos, y que genera menos sospechas en las filas enemigas y son compa\u00f1eros y esclavos sexuales&#8230; Se estima que en Colombia todav\u00eda hay entre 8.000 y 14.000 ni\u00f1os soldados.<\/p>\n<p style=\"text-align: justify\">Sin recibir\u00a0educaci\u00f3n durante\u00a0muchos a\u00f1os, los menores alejados del conflicto son recibidos en la obra de los salesianos \u201cCiudad Don Bosco\u201d Medell\u00edn, que en los \u00faltimos 14 a\u00f1os ha acompa\u00f1ado a m\u00e1s de 2.300 ex ni\u00f1os soldado. El programa &#8220;Construyendo Sue\u00f1os&#8221; les da la bienvenida y se encarga de la recuperaci\u00f3n y la educaci\u00f3n, los ayuda a superar los traumas sufridos a trav\u00e9s de una pedagog\u00eda de la confianza, convirtiendo sus miedos en el deseo de aprender, y ense\u00f1\u00e1ndoles un oficio para que puedan reintegrarse en la sociedad y reunirse con sus familias.<\/p>\n<p style=\"text-align: justify\">El documental &#8220;Alto el fuego&#8221;, dirigido por Ra\u00fal de la Fuente, repasa en 21 minutos miedos, sue\u00f1os y esperanzas de los protagonistas, Manuel y Catalina. Narra la entrada en la guerrilla, la fase de la desmilitarizaci\u00f3n, el proceso de reconstrucci\u00f3n personal en la casa salesiana y sus sue\u00f1os para un futuro de paz y como actores y constructores de esa misma paz. \u201cQuiero comprar una peque\u00f1a casa&#8230; \u00a1no!, \u00a1quiero una casa grande! Quiero ir a la universidad, quiero pensar en grande\u201d&#8230; dice Catalina, que se acaba de graduar en Artes Gr\u00e1ficas en \u201cCiudad Don Bosco\u201d.<\/p>\n<p style=\"text-align: justify\">En las pr\u00f3ximas semanas, el documental ser\u00e1 presentado en varios lugares: la primera presentaci\u00f3n est\u00e1 prevista para el pr\u00f3ximo 2 de febrero en Roma, en la que intervendr\u00e1 Catalina y Manuel, joven que han dejado la FARC en Colombia; Rafael Bejarano, salesiano y director de &#8220;Ciudad Don Bosco&#8221; de Medell\u00edn; y James Areiza, educador y responsable de los programas de protecci\u00f3n infantil de &#8220;Ciudad Don Bosco&#8221;. Posteriormente, el documental ser\u00e1 presentado en Bruselas, Bonn y Madrid.<\/p>\n<\/div>\n<p><span class=\"et_bloom_bottom_trigger\"><\/span><\/p>\n<p><a href=\"https:\/\/es.zenit.org\/\" target=\"_blank\" rel=\"nofollow\">Fuente: es.zenit.org<\/a><\/p>\n","protected":false},"excerpt":{"rendered":"<p>(ZENIT &#8211; Roma).-\u00a0La procura Misionera Salesiana de Madrid presenta el jueves 2 de febrero en Roma, el documental \u201cAlto el fuego\u201d sobre el proceso de rehabilitaci\u00f3n personal y la reintegraci\u00f3n social de los ni\u00f1os soldados, realizado por los salesianos. Lo indica la congregaci\u00f3n en su web, precisando que en m\u00e1s\u00a0de 50 a\u00f1os de conflicto armado &hellip; <a href=\"https:\/\/www.biblia.work\/noticias\/alto-el-fuego-el-documental-de-los-salesianos-sobre-los-ninos-soldado-en-colombia\/\" class=\"more-link\">Continuar leyendo<span class=\"screen-reader-text\"> \u00ab\u201cAlto el Fuego\u201d, el documental de los salesianos sobre los ni\u00f1os soldado en Colombia\u00bb<\/span><\/a><\/p>\n","protected":false},"author":1,"featured_media":0,"comment_status":"open","ping_status":"closed","sticky":false,"template":"","format":"standard","meta":{"footnotes":""},"categories":[1],"tags":[],"class_list":["post-11439","post","type-post","status-publish","format-standard","hentry","category-general"],"_links":{"self":[{"href":"https:\/\/www.biblia.work\/noticias\/wp-json\/wp\/v2\/posts\/11439","targetHints":{"allow":["GET"]}}],"collection":[{"href":"https:\/\/www.biblia.work\/noticias\/wp-json\/wp\/v2\/posts"}],"about":[{"href":"https:\/\/www.biblia.work\/noticias\/wp-json\/wp\/v2\/types\/post"}],"author":[{"embeddable":true,"href":"https:\/\/www.biblia.work\/noticias\/wp-json\/wp\/v2\/users\/1"}],"replies":[{"embeddable":true,"href":"https:\/\/www.biblia.work\/noticias\/wp-json\/wp\/v2\/comments?post=11439"}],"version-history":[{"count":0,"href":"https:\/\/www.biblia.work\/noticias\/wp-json\/wp\/v2\/posts\/11439\/revisions"}],"wp:attachment":[{"href":"https:\/\/www.biblia.work\/noticias\/wp-json\/wp\/v2\/media?parent=11439"}],"wp:term":[{"taxonomy":"category","embeddable":true,"href":"https:\/\/www.biblia.work\/noticias\/wp-json\/wp\/v2\/categories?post=11439"},{"taxonomy":"post_tag","embeddable":true,"href":"https:\/\/www.biblia.work\/noticias\/wp-json\/wp\/v2\/tags?post=11439"}],"curies":[{"name":"wp","href":"https:\/\/api.w.org\/{rel}","templated":true}]}}