{"id":11440,"date":"2017-01-31T06:15:02","date_gmt":"2017-01-31T11:15:02","guid":{"rendered":"http:\/\/www.biblia.work\/noticias\/el-papa-en-sta-marta-jesus-no-masifica-a-la-gente-nos-mira-a-cada-uno\/"},"modified":"2017-01-31T06:15:02","modified_gmt":"2017-01-31T11:15:02","slug":"el-papa-en-sta-marta-jesus-no-masifica-a-la-gente-nos-mira-a-cada-uno","status":"publish","type":"post","link":"https:\/\/www.biblia.work\/noticias\/el-papa-en-sta-marta-jesus-no-masifica-a-la-gente-nos-mira-a-cada-uno\/","title":{"rendered":"El Papa en Sta. Marta: \u201cJes\u00fas no masifica a la gente, nos mira a cada uno\u201d"},"content":{"rendered":"<p style=\"text-align: justify\">(ZENIT &#8211; Ciudad del Vaticano).- El papa Francisco, en la homil\u00eda de la misa celebrada este martes en Santa Marta, ha asegurado que si tenemos nuestra mirada dirigida hacia\u00a0Jes\u00fas con perseverancia, descubriremos con estupor que es \u00c9l quien mira con amor a cada uno de nosotros.<\/p>\n<p style=\"text-align: justify\">El autor de la carta a los Hebreos, ha indicado el Santo Padre, nos exhorta a correr en la fe \u201ccon perseverancia, teniendo fija la mirada en Jes\u00fas\u201d. En el Evangelio es Jes\u00fas quien \u201cnos mira y se da cuenta de nosotros\u201d. \u00c9l est\u00e1 cerca de nosotros &#8211;ha se\u00f1alado&#8211; est\u00e1 siempre en medio de la multitud.<\/p>\n<p style=\"text-align: justify\">Asimismo, ha proseguido recordando que Jes\u00fas no se rodeaba de guardias que le hac\u00edan la escolta para que la gente no le tocara. \u201cSe qued\u00f3 all\u00ed y la gente lo empujaba. Y cada vez que Jes\u00fas sal\u00eda, hab\u00eda m\u00e1s gente\u201d, ha precisado Francisco. Adem\u00e1s, ha asegurado que Jes\u00fas \u201cno masifica a la gente\u201d sino que \u201cnos mira a cada uno\u201d.<\/p>\n<p style=\"text-align: justify\">En la homil\u00eda, el Santo Padre ha explicado que el Evangelio de Marcos cuenta dos milagros. Jes\u00fas sana a la hemorro\u00edsa, en medio de la multitud, que consigue tocar el manto. Y Jes\u00fas se da cuenta de que le han tocado. Despu\u00e9s, resucita a la hija de Jairo, uno de los jefes de la sinagoga. Se da cuenta de que la chica tiene hambre y le dice a los padres que la den de comer. Al respecto, el Pont\u00edfice ha subrayado que \u201cla mirada de Jes\u00fas va al grande y al peque\u00f1o\u201d.<\/p>\n<p style=\"text-align: justify\">As\u00ed mira Jes\u00fas: \u201cnos mira a todos, nos mira a cada uno de nosotros\u201d. Mira \u201cnuestros grandes problemas, nuestras grandes alegr\u00edas, y mira tambi\u00e9n a nuestras peque\u00f1as cosas\u201d.<\/p>\n<p style=\"text-align: justify\">Por otro lado, ha reconocido que si corremos \u201ccon perseverancia, teniendo fija la mirada en Jes\u00fas\u201d nos suceder\u00e1\u00a0como a la gente despu\u00e9s de la resurrecci\u00f3n de la hija de Jairo, \u201cque se quedaron muy sorprendidos\u201d. De este modo ha explicado que cuando miramos a Jes\u00fas y fijamos su mirada en \u00c9l, nos encontramos que \u201c\u00c9l tiene fija su mirada sobre m\u00ed\u201d. Y esto &#8211;ha reconocido Francisco&#8211; nos hace sentir este gran estupor.<\/p>\n<p style=\"text-align: justify\">En esta l\u00ednea, el Pont\u00edfice ha exhortado a no tener miedo, como no lo tuvo la viejecita al ir a tocar el borde del manto de Jes\u00fas.<\/p>\n<p><span class=\"et_bloom_bottom_trigger\"><\/span><\/p>\n<p><a href=\"https:\/\/es.zenit.org\/\" target=\"_blank\" rel=\"nofollow\">Fuente: es.zenit.org<\/a><\/p>\n","protected":false},"excerpt":{"rendered":"<p>(ZENIT &#8211; Ciudad del Vaticano).- El papa Francisco, en la homil\u00eda de la misa celebrada este martes en Santa Marta, ha asegurado que si tenemos nuestra mirada dirigida hacia\u00a0Jes\u00fas con perseverancia, descubriremos con estupor que es \u00c9l quien mira con amor a cada uno de nosotros. El autor de la carta a los Hebreos, ha &hellip; <a href=\"https:\/\/www.biblia.work\/noticias\/el-papa-en-sta-marta-jesus-no-masifica-a-la-gente-nos-mira-a-cada-uno\/\" class=\"more-link\">Continuar leyendo<span class=\"screen-reader-text\"> \u00abEl Papa en Sta. Marta: \u201cJes\u00fas no masifica a la gente, nos mira a cada uno\u201d\u00bb<\/span><\/a><\/p>\n","protected":false},"author":1,"featured_media":0,"comment_status":"open","ping_status":"closed","sticky":false,"template":"","format":"standard","meta":{"footnotes":""},"categories":[1],"tags":[],"class_list":["post-11440","post","type-post","status-publish","format-standard","hentry","category-general"],"_links":{"self":[{"href":"https:\/\/www.biblia.work\/noticias\/wp-json\/wp\/v2\/posts\/11440","targetHints":{"allow":["GET"]}}],"collection":[{"href":"https:\/\/www.biblia.work\/noticias\/wp-json\/wp\/v2\/posts"}],"about":[{"href":"https:\/\/www.biblia.work\/noticias\/wp-json\/wp\/v2\/types\/post"}],"author":[{"embeddable":true,"href":"https:\/\/www.biblia.work\/noticias\/wp-json\/wp\/v2\/users\/1"}],"replies":[{"embeddable":true,"href":"https:\/\/www.biblia.work\/noticias\/wp-json\/wp\/v2\/comments?post=11440"}],"version-history":[{"count":0,"href":"https:\/\/www.biblia.work\/noticias\/wp-json\/wp\/v2\/posts\/11440\/revisions"}],"wp:attachment":[{"href":"https:\/\/www.biblia.work\/noticias\/wp-json\/wp\/v2\/media?parent=11440"}],"wp:term":[{"taxonomy":"category","embeddable":true,"href":"https:\/\/www.biblia.work\/noticias\/wp-json\/wp\/v2\/categories?post=11440"},{"taxonomy":"post_tag","embeddable":true,"href":"https:\/\/www.biblia.work\/noticias\/wp-json\/wp\/v2\/tags?post=11440"}],"curies":[{"name":"wp","href":"https:\/\/api.w.org\/{rel}","templated":true}]}}