{"id":11442,"date":"2017-01-31T07:15:02","date_gmt":"2017-01-31T12:15:02","guid":{"rendered":"http:\/\/www.biblia.work\/noticias\/lumen-dei-desmiente-acusaciones-y-defiende-a-los-obispos-de-oviedo-y-de-cuenca\/"},"modified":"2017-01-31T07:15:02","modified_gmt":"2017-01-31T12:15:02","slug":"lumen-dei-desmiente-acusaciones-y-defiende-a-los-obispos-de-oviedo-y-de-cuenca","status":"publish","type":"post","link":"https:\/\/www.biblia.work\/noticias\/lumen-dei-desmiente-acusaciones-y-defiende-a-los-obispos-de-oviedo-y-de-cuenca\/","title":{"rendered":"Lumen Dei desmiente acusaciones y defiende a los obispos de Oviedo y de Cuenca"},"content":{"rendered":"<p style=\"text-align: justify\">(ZENIT \u2013 Roma).- La asociaci\u00f3n Lumen Dei, en una nota oficial emitida hoy por su abogado, Salvador Morillas, rechaza las acusaciones hechas por ex miembros de la Asociaci\u00f3n, contra el arzobispo de Oviedo y el obispo de Cuenca sobre \u201cpresuntos delitos que ellos nunca han cometido\u201d.<\/p>\n<p style=\"text-align: justify\">La noticia reportada por algunos medios de comunicaci\u00f3n indica que \u201cm\u00e1s de 200 ex religiosas, pertenecientes a la\u00a0asociaci\u00f3n privada Lumen Dei, han pedido al juez que investiga las supuestas irregularidades en la gesti\u00f3n econ\u00f3mica de la organizaci\u00f3n que cite como investigado a su m\u00e1ximo dirigente y arzobispo de Oviedo, Jes\u00fas Sanz, y al obispo de Cuenca, Jos\u00e9 Mar\u00eda Yanguas\u201d.<\/p>\n<p style=\"text-align: justify\">Por su parte, Lumen Dei indica que \u201clos citados obispos han actuado siguiendo en todo momento las instrucciones del Papa y las indicaciones de la Santa Sede, para orientar y sanar los graves des\u00f3rdenes que hab\u00eda en esta Asociaci\u00f3n eclesial\u201d.<\/p>\n<p style=\"text-align: justify\">Precisa adem\u00e1s que \u201clas denunciantes no pertenecen a la Asociaci\u00f3n Lumen Dei en cuyo nombre dicen actuar, pues se dieron libremente de baja cuando la Iglesia comenz\u00f3 a intervenir en los des\u00f3rdenes mencionados. Nunca han sido monjas, como err\u00f3neamente titula la noticia, sino laicas con un compromiso privado e individual. No pueden reclamar nada del patrimonio de la Asociaci\u00f3n al que renunciaron con su dimisi\u00f3n voluntaria\u201d.<\/p>\n<p style=\"text-align: justify\">Aseguran adem\u00e1s que \u201ctodos ellos tendr\u00e1n -desde nuestra Asociaci\u00f3n Lumen Dei, cuyo nombre indebidamente usurpan- su adecuada respuesta en los Tribunales de Justicia\u201d.<\/p>\n<p style=\"text-align: justify\">Y precisan que &#8220;el patrimonio de Lumen Dei es de nuestra asociaci\u00f3n, que, adem\u00e1s aprueba plenamente los actos realizados por Mons. Sanz. As\u00ed lo ha decidido su Consejo, y en estas decisiones no tienen competencia alguna las ex miembros denunciantes\u201d.<\/p>\n<p style=\"text-align: justify\">El abogado indica tambi\u00e9n que \u201cel arzobispo de Oviedo es Comisario Pontificio de nuestra Asociaci\u00f3n Lumen Dei en todas sus ramas, por nombramiento del Papa y de la Santa Sede, y ha actuado y seguir\u00e1 actuando ayudando a esta Asociaci\u00f3n eclesial en el camino sereno de crecimiento vocacional y de entrega a los m\u00e1s pobres seg\u00fan el esp\u00edritu del fundador P. Rodrigo Molina\u201d.<\/p>\n<p style=\"text-align: justify\">Finalmente, el comunicado concluye asegurando\u00a0que quienes intentan \u201cganar un juicio medi\u00e1tico\u201d, no lograr\u00e1n su objetivo \u201ca medida que los tribunales vayan desestimando sus pretensiones\u201d.<\/p>\n<p><span class=\"et_bloom_bottom_trigger\"><\/span><\/p>\n<p><a href=\"https:\/\/es.zenit.org\/\" target=\"_blank\" rel=\"nofollow\">Fuente: es.zenit.org<\/a><\/p>\n","protected":false},"excerpt":{"rendered":"<p>(ZENIT \u2013 Roma).- La asociaci\u00f3n Lumen Dei, en una nota oficial emitida hoy por su abogado, Salvador Morillas, rechaza las acusaciones hechas por ex miembros de la Asociaci\u00f3n, contra el arzobispo de Oviedo y el obispo de Cuenca sobre \u201cpresuntos delitos que ellos nunca han cometido\u201d. La noticia reportada por algunos medios de comunicaci\u00f3n indica &hellip; <a href=\"https:\/\/www.biblia.work\/noticias\/lumen-dei-desmiente-acusaciones-y-defiende-a-los-obispos-de-oviedo-y-de-cuenca\/\" class=\"more-link\">Continuar leyendo<span class=\"screen-reader-text\"> \u00abLumen Dei desmiente acusaciones y defiende a los obispos de Oviedo y de Cuenca\u00bb<\/span><\/a><\/p>\n","protected":false},"author":1,"featured_media":0,"comment_status":"open","ping_status":"closed","sticky":false,"template":"","format":"standard","meta":{"footnotes":""},"categories":[1],"tags":[],"class_list":["post-11442","post","type-post","status-publish","format-standard","hentry","category-general"],"_links":{"self":[{"href":"https:\/\/www.biblia.work\/noticias\/wp-json\/wp\/v2\/posts\/11442","targetHints":{"allow":["GET"]}}],"collection":[{"href":"https:\/\/www.biblia.work\/noticias\/wp-json\/wp\/v2\/posts"}],"about":[{"href":"https:\/\/www.biblia.work\/noticias\/wp-json\/wp\/v2\/types\/post"}],"author":[{"embeddable":true,"href":"https:\/\/www.biblia.work\/noticias\/wp-json\/wp\/v2\/users\/1"}],"replies":[{"embeddable":true,"href":"https:\/\/www.biblia.work\/noticias\/wp-json\/wp\/v2\/comments?post=11442"}],"version-history":[{"count":0,"href":"https:\/\/www.biblia.work\/noticias\/wp-json\/wp\/v2\/posts\/11442\/revisions"}],"wp:attachment":[{"href":"https:\/\/www.biblia.work\/noticias\/wp-json\/wp\/v2\/media?parent=11442"}],"wp:term":[{"taxonomy":"category","embeddable":true,"href":"https:\/\/www.biblia.work\/noticias\/wp-json\/wp\/v2\/categories?post=11442"},{"taxonomy":"post_tag","embeddable":true,"href":"https:\/\/www.biblia.work\/noticias\/wp-json\/wp\/v2\/tags?post=11442"}],"curies":[{"name":"wp","href":"https:\/\/api.w.org\/{rel}","templated":true}]}}