{"id":11454,"date":"2017-01-31T13:15:03","date_gmt":"2017-01-31T18:15:03","guid":{"rendered":"http:\/\/www.biblia.work\/noticias\/india-una-jornada-de-oracion-por-el-salesiano-secuestrado-en-yemen\/"},"modified":"2017-01-31T13:15:03","modified_gmt":"2017-01-31T18:15:03","slug":"india-una-jornada-de-oracion-por-el-salesiano-secuestrado-en-yemen","status":"publish","type":"post","link":"https:\/\/www.biblia.work\/noticias\/india-una-jornada-de-oracion-por-el-salesiano-secuestrado-en-yemen\/","title":{"rendered":"India: una jornada de oraci\u00f3n por el salesiano secuestrado en Yemen"},"content":{"rendered":"<p style=\"text-align: justify\">(ZENIT &#8211; Roma).-\u00a0Los Obispos Cat\u00f3licos de la India han promovido el 21 y 22 de enero, una jornada de oraci\u00f3n a nivel nacional para invocar la liberaci\u00f3n del padre Tom Uzhunnalil, el misionero indio, salesiano secuestrado en Aden, Yemen el 04 de marzo de 2016.<\/p>\n<p style=\"text-align: justify\">El texto, firmado por el Presidente de la Conferencia Episcopal (CBCI), el cardenal Baselios Cleemis, hace hincapi\u00e9 que en \u201cla angustia y la oraci\u00f3n\u201d desde hace 10 meses se espera la liberaci\u00f3n del Padre Uzhunnalil.<\/p>\n<p style=\"text-align: justify\">\u201cLa Conferencia Episcopal se encuentra en contacto permanente con el Ministerio de Asuntos Exteriores de la India\u201d informa el Cardenal Cleemis; quien a\u00f1ade que la Secretar\u00eda General de la CBCI estaba en contacto con el obispo Paul Hinder, Vicario Apost\u00f3lico de Arabia del Sur, responsable de Yemen, quien asegur\u00f3 que el Padre Uzhunnalil se encuentra vivo y en buenas condiciones.<\/p>\n<p style=\"text-align: justify\">&#8220;Una vez m\u00e1s, hacemos un llamado a las autoridades nacionales a fin de hacer todo lo posible para asegurar la liberaci\u00f3n de este sacerdote cat\u00f3lico, generoso y solidario\u201d. Por ello la exhortaci\u00f3n a los fieles y a \u201ctodos los hombres de buena voluntad\u201d y &#8220;a todas las mujeres a orar&#8221; \u201cpor la seguridad y la liberaci\u00f3n del Padre Tom\u201d, y tambi\u00e9n \u201cpor la conversi\u00f3n de los corazones de los que mantienen en cautiverio\u201d.<\/p>\n<p style=\"text-align: justify\">Para la Jornada de oraci\u00f3n, el Cardenal Cleemis espera que en \u201ctodos los lugares de culto y en todos los hogares del pa\u00eds\u201d se realice una oraci\u00f3n \u201cpor el querid\u00edsimo padre Tom\u201d.<\/p>\n<p><span class=\"et_bloom_bottom_trigger\"><\/span><\/p>\n<p><a href=\"https:\/\/es.zenit.org\/\" target=\"_blank\" rel=\"nofollow\">Fuente: es.zenit.org<\/a><\/p>\n","protected":false},"excerpt":{"rendered":"<p>(ZENIT &#8211; Roma).-\u00a0Los Obispos Cat\u00f3licos de la India han promovido el 21 y 22 de enero, una jornada de oraci\u00f3n a nivel nacional para invocar la liberaci\u00f3n del padre Tom Uzhunnalil, el misionero indio, salesiano secuestrado en Aden, Yemen el 04 de marzo de 2016. El texto, firmado por el Presidente de la Conferencia Episcopal &hellip; <a href=\"https:\/\/www.biblia.work\/noticias\/india-una-jornada-de-oracion-por-el-salesiano-secuestrado-en-yemen\/\" class=\"more-link\">Continuar leyendo<span class=\"screen-reader-text\"> \u00abIndia: una jornada de oraci\u00f3n por el salesiano secuestrado en Yemen\u00bb<\/span><\/a><\/p>\n","protected":false},"author":1,"featured_media":0,"comment_status":"open","ping_status":"closed","sticky":false,"template":"","format":"standard","meta":{"footnotes":""},"categories":[1],"tags":[],"class_list":["post-11454","post","type-post","status-publish","format-standard","hentry","category-general"],"_links":{"self":[{"href":"https:\/\/www.biblia.work\/noticias\/wp-json\/wp\/v2\/posts\/11454","targetHints":{"allow":["GET"]}}],"collection":[{"href":"https:\/\/www.biblia.work\/noticias\/wp-json\/wp\/v2\/posts"}],"about":[{"href":"https:\/\/www.biblia.work\/noticias\/wp-json\/wp\/v2\/types\/post"}],"author":[{"embeddable":true,"href":"https:\/\/www.biblia.work\/noticias\/wp-json\/wp\/v2\/users\/1"}],"replies":[{"embeddable":true,"href":"https:\/\/www.biblia.work\/noticias\/wp-json\/wp\/v2\/comments?post=11454"}],"version-history":[{"count":0,"href":"https:\/\/www.biblia.work\/noticias\/wp-json\/wp\/v2\/posts\/11454\/revisions"}],"wp:attachment":[{"href":"https:\/\/www.biblia.work\/noticias\/wp-json\/wp\/v2\/media?parent=11454"}],"wp:term":[{"taxonomy":"category","embeddable":true,"href":"https:\/\/www.biblia.work\/noticias\/wp-json\/wp\/v2\/categories?post=11454"},{"taxonomy":"post_tag","embeddable":true,"href":"https:\/\/www.biblia.work\/noticias\/wp-json\/wp\/v2\/tags?post=11454"}],"curies":[{"name":"wp","href":"https:\/\/api.w.org\/{rel}","templated":true}]}}