{"id":11458,"date":"2017-01-31T14:15:02","date_gmt":"2017-01-31T19:15:02","guid":{"rendered":"http:\/\/www.biblia.work\/noticias\/el-vaticano-y-el-consejo-ecumenico-de-las-iglesias-preparan-un-documento-de-educacion-para-la-paz\/"},"modified":"2017-01-31T14:15:02","modified_gmt":"2017-01-31T19:15:02","slug":"el-vaticano-y-el-consejo-ecumenico-de-las-iglesias-preparan-un-documento-de-educacion-para-la-paz","status":"publish","type":"post","link":"https:\/\/www.biblia.work\/noticias\/el-vaticano-y-el-consejo-ecumenico-de-las-iglesias-preparan-un-documento-de-educacion-para-la-paz\/","title":{"rendered":"El Vaticano y el Consejo Ecum\u00e9nico de las Iglesias preparan un documento de \u2018Educaci\u00f3n para la paz\u2019"},"content":{"rendered":"<p style=\"text-align: justify\">(ZENIT \u2013 Roma).- El Consejo Ecum\u00e9nico de las Iglesias (Wcc) y el Pontificio Consejo para el Di\u00e1logo Interreligioso, han tenido ese \u00a030 y 31 de enero el encuentro anual en la sede del dicasterio vaticano.<\/p>\n<p style=\"text-align: justify\">Lo indic\u00f3 el diario L&#8217;Osservatore Romano, precisando que ambos entes en un comunicado, expresaron \u201cgratitud por la oportunidad de encontrarse pocos d\u00edas despu\u00e9s de la conclusi\u00f3n de la Semana de oraci\u00f3n por la unidad de los cristianos\u201d.<\/p>\n<p style=\"text-align: justify\">Los participantes adem\u00e1s, \u201chan dado gracias a Dios por la amistad y por la fecunda cooperaci\u00f3n para promover relaciones constructivas con individuos y comunidades que pertenecen a otras tradiciones religiosas\u201d.<\/p>\n<p style=\"text-align: justify\">La agenda principal del encuentro contempl\u00f3 el debate para publicar\u00a0\u201cun documento conjunto sobre &#8216;Educaci\u00f3n para la paz&#8217;, siguiendo el ejemplo de proyectos comunes similares realizados en el pasado\u201d.<\/p>\n<p style=\"text-align: justify\">El Pcdi y el Irdc se\u00f1alan adem\u00e1s que seguir\u00e1n colaborando, considerada la urgencia del tema interreligioso en el actual contexto global\u201d<\/p>\n<p><span class=\"et_bloom_bottom_trigger\"><\/span><\/p>\n<p><a href=\"https:\/\/es.zenit.org\/\" target=\"_blank\" rel=\"nofollow\">Fuente: es.zenit.org<\/a><\/p>\n","protected":false},"excerpt":{"rendered":"<p>(ZENIT \u2013 Roma).- El Consejo Ecum\u00e9nico de las Iglesias (Wcc) y el Pontificio Consejo para el Di\u00e1logo Interreligioso, han tenido ese \u00a030 y 31 de enero el encuentro anual en la sede del dicasterio vaticano. Lo indic\u00f3 el diario L&#8217;Osservatore Romano, precisando que ambos entes en un comunicado, expresaron \u201cgratitud por la oportunidad de encontrarse &hellip; <a href=\"https:\/\/www.biblia.work\/noticias\/el-vaticano-y-el-consejo-ecumenico-de-las-iglesias-preparan-un-documento-de-educacion-para-la-paz\/\" class=\"more-link\">Continuar leyendo<span class=\"screen-reader-text\"> \u00abEl Vaticano y el Consejo Ecum\u00e9nico de las Iglesias preparan un documento de \u2018Educaci\u00f3n para la paz\u2019\u00bb<\/span><\/a><\/p>\n","protected":false},"author":1,"featured_media":0,"comment_status":"open","ping_status":"closed","sticky":false,"template":"","format":"standard","meta":{"footnotes":""},"categories":[1],"tags":[],"class_list":["post-11458","post","type-post","status-publish","format-standard","hentry","category-general"],"_links":{"self":[{"href":"https:\/\/www.biblia.work\/noticias\/wp-json\/wp\/v2\/posts\/11458","targetHints":{"allow":["GET"]}}],"collection":[{"href":"https:\/\/www.biblia.work\/noticias\/wp-json\/wp\/v2\/posts"}],"about":[{"href":"https:\/\/www.biblia.work\/noticias\/wp-json\/wp\/v2\/types\/post"}],"author":[{"embeddable":true,"href":"https:\/\/www.biblia.work\/noticias\/wp-json\/wp\/v2\/users\/1"}],"replies":[{"embeddable":true,"href":"https:\/\/www.biblia.work\/noticias\/wp-json\/wp\/v2\/comments?post=11458"}],"version-history":[{"count":0,"href":"https:\/\/www.biblia.work\/noticias\/wp-json\/wp\/v2\/posts\/11458\/revisions"}],"wp:attachment":[{"href":"https:\/\/www.biblia.work\/noticias\/wp-json\/wp\/v2\/media?parent=11458"}],"wp:term":[{"taxonomy":"category","embeddable":true,"href":"https:\/\/www.biblia.work\/noticias\/wp-json\/wp\/v2\/categories?post=11458"},{"taxonomy":"post_tag","embeddable":true,"href":"https:\/\/www.biblia.work\/noticias\/wp-json\/wp\/v2\/tags?post=11458"}],"curies":[{"name":"wp","href":"https:\/\/api.w.org\/{rel}","templated":true}]}}