{"id":11462,"date":"2017-01-31T16:05:02","date_gmt":"2017-01-31T21:05:02","guid":{"rendered":"http:\/\/www.biblia.work\/noticias\/que-hace-la-iglesia-ante-ordenes-migratorias-de-trump-arzobispo-de-los-angeles-contesta\/"},"modified":"2017-01-31T16:05:02","modified_gmt":"2017-01-31T21:05:02","slug":"que-hace-la-iglesia-ante-ordenes-migratorias-de-trump-arzobispo-de-los-angeles-contesta","status":"publish","type":"post","link":"https:\/\/www.biblia.work\/noticias\/que-hace-la-iglesia-ante-ordenes-migratorias-de-trump-arzobispo-de-los-angeles-contesta\/","title":{"rendered":"\u00bfQu\u00e9 hace la Iglesia ante \u00f3rdenes migratorias de Trump? Arzobispo de Los \u00c1ngeles contesta"},"content":{"rendered":"<p> LOS \u00c1NGELES, 31 Ene. 17 (ACI).-<br \/>\n\tEn un reciente art&iacute;culo publicado en &Aacute;ngelus News, el Arzobispo de Los &Aacute;ngeles (Estados Unidos), Mons. Jos&eacute; G&oacute;mez, lament&oacute; algunas de las recientes &oacute;rdenes ejecutivas firmadas por el presidente Donald Trump, con respecto a inmigrantes, refugiados y la construcci&oacute;n de un muro con M&eacute;xico. Sin embargo, el Prelado precis&oacute; que la misi&oacute;n de la Iglesia en estas circunstancias &ldquo;es clara&rdquo;.<\/p>\n<p style=\"text-align: justify\">\n\tMons. G&oacute;mez, tambi&eacute;n vicepresidente de la Conferencia de Obispos Cat&oacute;licos de Estados Unidos (USCCB, por sus siglas en ingl&eacute;s), asegur&oacute; que &ldquo;nuestra misi&oacute;n es clara: estamos llamados a escuchar el lamento del pobre y estamos llamados a abrir nuestras puertas al extra&ntilde;o que llama y a buscar el rostro de Cristo que viene a nosotros en el inmigrante y el refugiado&rdquo;.<\/p>\n<p style=\"text-align: justify\">\n\tDurante sus primeros d&iacute;as de gobierno, Trump emiti&oacute; controversiales &oacute;rdenes ejecutivas referentes a migrantes, determinando, entre otros puntos, detener el programa de admisi&oacute;n de refugiados al pa&iacute;s durante 120 d&iacute;as y, en el caso de los refugiados sirios, suspender indefinidamente su acceso a Estados Unidos.<\/p>\n<p style=\"text-align: justify\">\n\tTrump tambi&eacute;n orden&oacute; que se detenga el acceso al pa&iacute;s de ciudadanos de Ir&aacute;n, Irak, Libia, Somalia, Sud&aacute;n, Siria y Yemen.<\/p>\n<p style=\"text-align: justify\">\n\tOtra pol&eacute;mica orden ejecutiva de Trump fue la que anunci&oacute; &ldquo;la inmediata construcci&oacute;n de un muro f&iacute;sico en la frontera sur, monitoreado y apoyado por personal adecuado, para as&iacute; prevenir la inmigraci&oacute;n ilegal, el tr&aacute;fico de drogas y de personas y actos de terrorismo&rdquo;.<\/p>\n<p style=\"text-align: justify\">\n\t[Puede leer:&nbsp;Pol&iacute;ticas de inmigraci&oacute;n de Trump son inhumanas, asegura Cardenal estadounidense]<\/p>\n<p style=\"text-align: justify\">\n\tEn su art&iacute;culo titulado &ldquo;Sobre las &oacute;rdenes ejecutivas&rdquo;, publicado el 31 de enero, Mons. G&oacute;mez lament&oacute; que &ldquo;no parece haberse pensado mucho&rdquo; en la legalidad de las &oacute;rdenes ejecutivas de Trump, &ldquo;o en explicar su raz&oacute;n de ser o considerar las consecuencias pr&aacute;cticas para millones de personas aqu&iacute; y en todo el mundo&rdquo;.<\/p>\n<p style=\"text-align: justify\">\n\t&ldquo;Es verdad que las &oacute;rdenes de refugiados no son una &lsquo;prohibici&oacute;n de musulmanes&rsquo;, como algunos manifestantes y medios de comunicaci&oacute;n est&aacute;n alegando. De hecho, la amplia mayor&iacute;a de pa&iacute;ses de mayor&iacute;a musulmana no son afectados por las &oacute;rdenes, incluyendo a algunos que tienen problemas reales con el terrorismo, como Arabia Saud&iacute;, Pakist&aacute;n y Afganist&aacute;n&rdquo;, se&ntilde;al&oacute;.<\/p>\n<p style=\"text-align: justify\">\n\tSin embargo, &ldquo;eso no hace que estas &oacute;rdenes sean menos preocupantes&rdquo;.<\/p>\n<p style=\"text-align: justify\">\n\t&ldquo;Detener la admisi&oacute;n de refugiados por 90 o 120 d&iacute;as podr&iacute;a no verse como un tiempo largo. Pero para una familia huyendo de una naci&oacute;n destrozada por la guerra, o la violencia de los carteles de la droga, o de se&ntilde;ores de la guerra que fuerzan incluso a ni&ntilde;os a enrolarse en sus ej&eacute;rcitos, esto podr&iacute;a significar la diferencia entre la vida y la muerte&rdquo;, advirti&oacute;.<\/p>\n<p style=\"text-align: justify\">\n\tAdem&aacute;s, precis&oacute;, &ldquo;es un hecho simple que no todos los refugiados son terroristas, y los refugiados no son siquiera la principal fuente de amenazas a nuestro pa&iacute;s&rdquo;.<\/p>\n<p style=\"text-align: justify\">\n\tComo un ejemplo, el Arzobispo de Los &Aacute;ngeles record&oacute; que el ataque terrorista del Estado Isl&aacute;mico en San Bernardino, California, &ldquo;fue &lsquo;cultivado en casa&rsquo;, realizado por un hombre nacido en Chicago&rdquo;.<\/p>\n<p style=\"text-align: justify\">\n\t[Puede leer: ISIS se atribuye masacre de San Bernardino, su primer ataque en Estados Unidos]<\/p>\n<p style=\"text-align: justify\">\n\tSi bien destac&oacute; que &ldquo;una de las &oacute;rdenes significar&aacute; que nuestro pa&iacute;s finalmente comenzar&aacute; a dar prioridad a ayudar a cristianos y otras minor&iacute;as perseguidas&rdquo;, el Prelado estadounidense cuestion&oacute;: &ldquo;&iquest;Quiere Dios que nuestra compasi&oacute;n por la gente se detenga en las fronteras de Siria? &iquest;Vamos ahora a decidir que algunas personas no merecen nuestro amor porque tienen diferente color de piel, una religi&oacute;n diferente o nacieron en el pa&iacute;s &lsquo;equivocado&rsquo;?&rdquo;.<\/p>\n<p style=\"text-align: justify\">\n\tMons. G&oacute;mez lament&oacute; que &ldquo;en el nombre de mostrar inflexibilidad y determinaci&oacute;n, estamos comunicando al mundo una dura indiferencia&rdquo;.<\/p>\n<p style=\"text-align: justify\">\n\t&ldquo;Ahora mismo, ninguna naci&oacute;n acepta m&aacute;s refugiados que Estados Unidos. &iquest;Qu&eacute; tipo de mensaje estamos enviando al mundo?&rdquo;.<\/p>\n<p style=\"text-align: justify\">\n\t&ldquo;Todos estamos de acuerdo en que nuestra naci&oacute;n tiene la obligaci&oacute;n de asegurar sus fronteras y establecer criterios para a qui&eacute;n se le permite entrar y por cu&aacute;nto tiempo se le permite quedarse&rdquo;, dijo, pero subray&oacute; que &ldquo;nuestro acercamiento a todos estos temas debe ser consistente con nuestros ideales. Estados Unidos siempre ha sido diferente, algunos dir&iacute;an excepcional&rdquo;.<\/p>\n<p style=\"text-align: justify\">\n\t&ldquo;Acoger inmigrantes y albergar refugiados siempre ha sido algo especial y esencial sobre qui&eacute;nes somos, como una naci&oacute;n y como un pueblo&rdquo;, indic&oacute;.<\/p>\n<p style=\"text-align: justify\">\n\tSi bien &ldquo;estas nuevas &oacute;rdenes sobre inmigraci&oacute;n principalmente exigen solo regresar a la pr&aacute;ctica de aplicar las leyes vigentes&rdquo;, Mons. G&oacute;mez advirti&oacute; que &ldquo;el problema es que nuestras leyes no han sido aplicadas por tanto tiempo que ahora tenemos millones de indocumentados viviendo, trabajando, dando culto a Dios y yendo a la escuela en nuestro pa&iacute;s&rdquo;.<\/p>\n<p style=\"text-align: justify\">\n\t&ldquo;Eso incluye a millones de ni&ntilde;os que son ciudadanos viviendo en casas con padres indocumentados. Estos ni&ntilde;os tienen el derecho &ndash;como ciudadanos y como hijos e hijas de Dios&ndash; de crecer con alguna garant&iacute;a de que sus padres no ser&aacute;n deportados&rdquo;, dijo.<\/p>\n<p style=\"text-align: justify\">\n\tEl Prelado se&ntilde;al&oacute; que las &oacute;rdenes ejecutivas de Trump &ldquo;no cambian el hecho de que nuestra naci&oacute;n necesita una verdadera y duradera reforma de nuestro sistema de inmigraci&oacute;n&rdquo;.<\/p>\n<p style=\"text-align: justify\">\n\t&ldquo;Una pol&iacute;tica solo de aplicaci&oacute;n &ndash;sin reforma del sistema subyacente&ndash; solo llevar&aacute; a una pesadilla de derechos humanos&rdquo;, advirti&oacute;.<\/p>\n<p style=\"text-align: justify\">\n\tTambi&eacute;n te puede interesar:<\/p>\n<p style=\"text-align: justify\">\n\t\tCardenal Rivera: Muro de la verg&uuml;enza de Trump lo aislar&aacute; no solo de M&eacute;xico sino del mundo https:\/\/t.co\/A5FptnjzVC<\/p>\n<p>\t&mdash; ACI Prensa (@aciprensa) 30 de enero de 2017<\/p>\n","protected":false},"excerpt":{"rendered":"<p>LOS \u00c1NGELES, 31 Ene. 17 (ACI).- En un reciente art&iacute;culo publicado en &Aacute;ngelus News, el Arzobispo de Los &Aacute;ngeles (Estados Unidos), Mons. Jos&eacute; G&oacute;mez, lament&oacute; algunas de las recientes &oacute;rdenes ejecutivas firmadas por el presidente Donald Trump, con respecto a inmigrantes, refugiados y la construcci&oacute;n de un muro con M&eacute;xico. Sin embargo, el Prelado precis&oacute; &hellip; <a href=\"https:\/\/www.biblia.work\/noticias\/que-hace-la-iglesia-ante-ordenes-migratorias-de-trump-arzobispo-de-los-angeles-contesta\/\" class=\"more-link\">Continuar leyendo<span class=\"screen-reader-text\"> \u00ab\u00bfQu\u00e9 hace la Iglesia ante \u00f3rdenes migratorias de Trump? Arzobispo de Los \u00c1ngeles contesta\u00bb<\/span><\/a><\/p>\n","protected":false},"author":1,"featured_media":0,"comment_status":"open","ping_status":"closed","sticky":false,"template":"","format":"standard","meta":{"footnotes":""},"categories":[1],"tags":[],"class_list":["post-11462","post","type-post","status-publish","format-standard","hentry","category-general"],"_links":{"self":[{"href":"https:\/\/www.biblia.work\/noticias\/wp-json\/wp\/v2\/posts\/11462","targetHints":{"allow":["GET"]}}],"collection":[{"href":"https:\/\/www.biblia.work\/noticias\/wp-json\/wp\/v2\/posts"}],"about":[{"href":"https:\/\/www.biblia.work\/noticias\/wp-json\/wp\/v2\/types\/post"}],"author":[{"embeddable":true,"href":"https:\/\/www.biblia.work\/noticias\/wp-json\/wp\/v2\/users\/1"}],"replies":[{"embeddable":true,"href":"https:\/\/www.biblia.work\/noticias\/wp-json\/wp\/v2\/comments?post=11462"}],"version-history":[{"count":0,"href":"https:\/\/www.biblia.work\/noticias\/wp-json\/wp\/v2\/posts\/11462\/revisions"}],"wp:attachment":[{"href":"https:\/\/www.biblia.work\/noticias\/wp-json\/wp\/v2\/media?parent=11462"}],"wp:term":[{"taxonomy":"category","embeddable":true,"href":"https:\/\/www.biblia.work\/noticias\/wp-json\/wp\/v2\/categories?post=11462"},{"taxonomy":"post_tag","embeddable":true,"href":"https:\/\/www.biblia.work\/noticias\/wp-json\/wp\/v2\/tags?post=11462"}],"curies":[{"name":"wp","href":"https:\/\/api.w.org\/{rel}","templated":true}]}}