{"id":11465,"date":"2017-01-31T19:05:02","date_gmt":"2017-02-01T00:05:02","guid":{"rendered":"http:\/\/www.biblia.work\/noticias\/peru-gobierno-miente-al-negar-ideologia-de-genero-en-curriculo-escolar-denuncian\/"},"modified":"2017-01-31T19:05:02","modified_gmt":"2017-02-01T00:05:02","slug":"peru-gobierno-miente-al-negar-ideologia-de-genero-en-curriculo-escolar-denuncian","status":"publish","type":"post","link":"https:\/\/www.biblia.work\/noticias\/peru-gobierno-miente-al-negar-ideologia-de-genero-en-curriculo-escolar-denuncian\/","title":{"rendered":"Per\u00fa: Gobierno miente al negar ideolog\u00eda de g\u00e9nero en curr\u00edculo escolar, denuncian"},"content":{"rendered":"<p> REDACCI\u00d3N CENTRAL, 31 Ene. 17 (ACI).-<br \/>\n\tEl vicario episcopal de la Comisi&oacute;n de Familia y Vida de la Arquidi&oacute;cesis de Lima (Per&uacute;), P. Luis Gaspar, denunci&oacute; que el gobierno peruano miente al negar que la ideolog&iacute;a de g&eacute;nero est&eacute; incluida en el Curr&iacute;culo Nacional para el 2017.<\/p>\n<p style=\"text-align: justify\">\n\tEn el programa Di&aacute;logo de Fe del 28 de enero, en la cadena radial RPP, el P. Gaspar se&ntilde;al&oacute; que &ldquo;si la Conferencia Episcopal Peruana dice que esta malla curricular recoge conceptos de la ideolog&iacute;a de g&eacute;nero y el Ministerio de Educaci&oacute;n dice que no est&aacute; presente la ideolog&iacute;a de g&eacute;nero, yo pienso que el Ministerio de Educaci&oacute;n miente&rdquo;.<\/p>\n<p style=\"text-align: justify\">\n\tEl Curr&iacute;culo Nacional se aplicar&aacute; para todos los niveles de Educaci&oacute;n B&aacute;sica Regular: inicial (entre los 0 y 5 a&ntilde;os), primaria y secundaria.<\/p>\n<p style=\"text-align: justify\">\n\tEn un comunicado publicado el 23 de enero, la Conferencia Episcopal Peruana (CEP) exigi&oacute; al gobierno que &ldquo;urge la supresi&oacute;n en el nuevo Curr&iacute;culo Nacional de aquellas nociones provenientes de la ideolog&iacute;a de g&eacute;nero&rdquo;.<\/p>\n<p style=\"text-align: justify\">\n\t[Puede leer: Obispos de Per&uacute; piden retirar ideolog&iacute;a de g&eacute;nero del curr&iacute;culo escolar]<\/p>\n<p style=\"text-align: justify\">\n\tEl P. Gaspar cit&oacute; algunos ejemplos de la presencia de la ideolog&iacute;a de g&eacute;nero en el documento del Ministerio de Educaci&oacute;n (MINEDU). En la p&aacute;gina 16, record&oacute;, se lee: &ldquo;si bien aquello que consideramos &lsquo;femenino&rsquo; o &lsquo;masculino&rsquo; se basa en una diferencia biol&oacute;gica sexual, estas son nociones que vamos construyendo d&iacute;a a d&iacute;a, en nuestras interacciones&rdquo;.<\/p>\n<p style=\"text-align: justify\">\n\tPara el sacerdote, esto significa que &ldquo;no es propio del ser humano solo ser var&oacute;n y mujer, sino que t&uacute; puedes construir&rdquo;, y advirti&oacute; que &ldquo;esto le preocupa a los padres&rdquo;.<\/p>\n<p style=\"text-align: justify\">\n\t[Puede leer:&nbsp;FOTOS y VIDEO: Miles marchan en Per&uacute; contra ideolog&iacute;a de g&eacute;nero en escuelas]<\/p>\n<p style=\"text-align: justify\">\n\tEl vicario episcopal de la Comisi&oacute;n de Familia y Vida de la Arquidi&oacute;cesis de Lima se&ntilde;al&oacute; que &ldquo;era innecesario&rdquo; incluir en el Curr&iacute;culo Nacional &ldquo;el enfoque de igualdad de g&eacute;nero&rdquo;.<\/p>\n<p style=\"text-align: justify\">\n\t&ldquo;&iquest;Acaso no est&aacute; incluido en ese primer enfoque los derechos iguales tanto para var&oacute;n y para mujer y la igualdad de oportunidades? &iquest;Por qu&eacute; poner un nuevo enfoque? Porque se quiere ideologizar la educaci&oacute;n de los ni&ntilde;os y la educaci&oacute;n de los j&oacute;venes al margen pues de la ley natural&rdquo;, advirti&oacute;.<\/p>\n<p style=\"text-align: justify\">\n\tEl gobierno peruano reiteradamente ha negado que la ideolog&iacute;a de g&eacute;nero est&eacute; incluida en el Curr&iacute;culo Nacional.<\/p>\n<p style=\"text-align: justify\">\n\tEn un comunicado publicado en su sitio web, el MINEDU asegura que lo que figura en el Curr&iacute;culo Nacional es &ldquo;el enfoque de igualdad de g&eacute;nero, el cual reconoce el mismo valor en hombres y mujeres, y busca que, m&aacute;s all&aacute; de las diferencias biol&oacute;gicas, ambos tengan acceso a los mismos derechos, deberes y oportunidades&rdquo;.<\/p>\n<p style=\"text-align: justify\">\n\tEn una reciente entrevista con el diario peruano El Comercio, la ministra de Educaci&oacute;n, Maril&uacute; Martens, dijo que se reuni&oacute; el mi&eacute;rcoles 25 de enero con el Presidente de la Conferencia Episcopal Peruana, Mons. Salvador Pi&ntilde;eiro, y otros obispos peruanos, y asegur&oacute; que &ldquo;ellos entendieron perfectamente cu&aacute;l es la posici&oacute;n del Minedu: que no hay ning&uacute;n tipo de noci&oacute;n de ideolog&iacute;a de g&eacute;nero en el curr&iacute;culo nacional&rdquo;.<\/p>\n<p style=\"text-align: justify\">\n\tSeg&uacute;n Martens, los obispos peruanos &ldquo;entienden que el ministerio valora a la familia y que la reconoce como primera formadora de los estudiantes, y que lo que quiere son padres informados&rdquo;.<\/p>\n<p style=\"text-align: justify\">\n\tEn declaraciones recogidas por el diario oficial El Peruano el 31 de enero, Martens dijo que &ldquo;sexo es la diferencia biol&oacute;gica con la que nacemos, seamos hombre o mujer, y g&eacute;nero es la construcci&oacute;n social que se hace sobre lo femenino y lo masculino&rdquo;.<\/p>\n<p style=\"text-align: justify\">\n\tEntrevistado por ACI Prensa el 31 de enero, el Presidente de la CEP, Mons. Salvador Pi&ntilde;eiro, confirm&oacute; la reuni&oacute;n con la ministra de Educaci&oacute;n. &ldquo;Ella pidi&oacute; una entrevista y as&iacute; ha sido, el mi&eacute;rcoles se entrevist&oacute;&rdquo;.<\/p>\n<p style=\"text-align: justify\">\n\tMons. Pi&ntilde;eiro lament&oacute; que si bien &ldquo;la ministra de Educaci&oacute;n nos ha manifestado que est&aacute; dispuesta a dialogar, a aclarar cualquier asunto&rdquo;, eso es lo que &ldquo;hemos pedido repetidas veces y no hab&iacute;amos sido atendidos, ha habido cruces&rdquo;.<\/p>\n<p style=\"text-align: justify\">\n\tEl Presidente de la CEP se&ntilde;al&oacute; que se ha creado una comisi&oacute;n mixta con el Ministerio de Educaci&oacute;n, con el objetivo de &ldquo;seguir conversando, dialogando&rdquo;.<\/p>\n<p style=\"text-align: justify\">\n\tPara Mons. Salvador Pi&ntilde;eiro &ldquo;ha preocupado al gobierno&rdquo; que los obispos pidan que el Curr&iacute;culo Nacional no incluya la ideolog&iacute;a de g&eacute;nero.<\/p>\n<p style=\"text-align: justify\">\n\t[Puede leer:&nbsp;Ideolog&iacute;a de g&eacute;nero: Experto explica 7 claves esenciales]<\/p>\n<p style=\"text-align: justify\">\n\t&ldquo;Tampoco hay una definici&oacute;n clara en el Curr&iacute;culo, pero por eso queremos que los t&eacute;rminos se usen con precisi&oacute;n, sin ambig&uuml;edades, y que se aclare&rdquo;.<\/p>\n<p style=\"text-align: justify\">\n\tEl tambi&eacute;n Arzobispo de Ayacucho lament&oacute; la &ldquo;man&iacute;a&rdquo; de diferentes sectores de la prensa y la pol&iacute;tica peruana de decir que la Iglesia est&aacute; contra de la igualdad de hombres y mujeres al criticar la ideolog&iacute;a de g&eacute;nero.<\/p>\n<p style=\"text-align: justify\">\n\t&ldquo;Esa man&iacute;a de (decir) que nosotros estamos contra la igualdad de la mujer. Eso no estamos en la Iglesia. Al contrario, somos los primeros que defendemos la dignidad de la mujer&rdquo;, se&ntilde;al&oacute;.<\/p>\n<p style=\"text-align: justify\">\n\tTambi&eacute;n te puede interesar:<\/p>\n<p style=\"text-align: justify\">\n\t\tPapa Francisco: Adoctrinar ni&ntilde;os con ideolog&iacute;a de g&eacute;nero es una maldad https:\/\/t.co\/f1ZTGgiHfH<\/p>\n<p>\t&mdash; ACI Prensa (@aciprensa) 2 de octubre de 2016<\/p>\n","protected":false},"excerpt":{"rendered":"<p>REDACCI\u00d3N CENTRAL, 31 Ene. 17 (ACI).- El vicario episcopal de la Comisi&oacute;n de Familia y Vida de la Arquidi&oacute;cesis de Lima (Per&uacute;), P. Luis Gaspar, denunci&oacute; que el gobierno peruano miente al negar que la ideolog&iacute;a de g&eacute;nero est&eacute; incluida en el Curr&iacute;culo Nacional para el 2017. En el programa Di&aacute;logo de Fe del 28 &hellip; <a href=\"https:\/\/www.biblia.work\/noticias\/peru-gobierno-miente-al-negar-ideologia-de-genero-en-curriculo-escolar-denuncian\/\" class=\"more-link\">Continuar leyendo<span class=\"screen-reader-text\"> \u00abPer\u00fa: Gobierno miente al negar ideolog\u00eda de g\u00e9nero en curr\u00edculo escolar, denuncian\u00bb<\/span><\/a><\/p>\n","protected":false},"author":1,"featured_media":0,"comment_status":"open","ping_status":"closed","sticky":false,"template":"","format":"standard","meta":{"footnotes":""},"categories":[1],"tags":[],"class_list":["post-11465","post","type-post","status-publish","format-standard","hentry","category-general"],"_links":{"self":[{"href":"https:\/\/www.biblia.work\/noticias\/wp-json\/wp\/v2\/posts\/11465","targetHints":{"allow":["GET"]}}],"collection":[{"href":"https:\/\/www.biblia.work\/noticias\/wp-json\/wp\/v2\/posts"}],"about":[{"href":"https:\/\/www.biblia.work\/noticias\/wp-json\/wp\/v2\/types\/post"}],"author":[{"embeddable":true,"href":"https:\/\/www.biblia.work\/noticias\/wp-json\/wp\/v2\/users\/1"}],"replies":[{"embeddable":true,"href":"https:\/\/www.biblia.work\/noticias\/wp-json\/wp\/v2\/comments?post=11465"}],"version-history":[{"count":0,"href":"https:\/\/www.biblia.work\/noticias\/wp-json\/wp\/v2\/posts\/11465\/revisions"}],"wp:attachment":[{"href":"https:\/\/www.biblia.work\/noticias\/wp-json\/wp\/v2\/media?parent=11465"}],"wp:term":[{"taxonomy":"category","embeddable":true,"href":"https:\/\/www.biblia.work\/noticias\/wp-json\/wp\/v2\/categories?post=11465"},{"taxonomy":"post_tag","embeddable":true,"href":"https:\/\/www.biblia.work\/noticias\/wp-json\/wp\/v2\/tags?post=11465"}],"curies":[{"name":"wp","href":"https:\/\/api.w.org\/{rel}","templated":true}]}}