{"id":11466,"date":"2017-01-31T20:05:02","date_gmt":"2017-02-01T01:05:02","guid":{"rendered":"http:\/\/www.biblia.work\/noticias\/obispo-iraqui-advierte-politica-migratoria-de-trump-perjudicara-a-minoria-cristiana\/"},"modified":"2017-01-31T20:05:02","modified_gmt":"2017-02-01T01:05:02","slug":"obispo-iraqui-advierte-politica-migratoria-de-trump-perjudicara-a-minoria-cristiana","status":"publish","type":"post","link":"https:\/\/www.biblia.work\/noticias\/obispo-iraqui-advierte-politica-migratoria-de-trump-perjudicara-a-minoria-cristiana\/","title":{"rendered":"Obispo iraqu\u00ed advierte: Pol\u00edtica migratoria de Trump perjudicar\u00e1 a minor\u00eda cristiana"},"content":{"rendered":"<p> ROMA, 31 Ene. 17 (ACI).-<br \/>\n\tEl Arzobispo caldeo de Bagdad (Irak), Mons. Louis Sako, advirti&oacute; que la orden ejecutiva del Presidente de Estados Unidos, Donald Trump, de restringir el ingreso de musulmanes de siete pa&iacute;ses, pondr&aacute; en peligro a los cristianos de Medio Oriente porque reforzar&aacute; la idea de los terroristas isl&aacute;micos de que esta minor&iacute;a religiosa es aliada de Occidente.<\/p>\n<p style=\"text-align: justify\">\n\t&ldquo;Cada pol&iacute;tica de acogida que discrimina a los perseguidos y a los que sufren por motivos religiosos termina por perjudicar a los cristianos de Oriente porque, entre otras cosas, proporciona argumentos a toda la propaganda y a los prejuicios que atacan a las comunidades aut&oacute;ctonas de Oriente Medio como &#039;cuerpos extra&ntilde;os&#039;, grupos apoyados y defendidos por las potencias occidentales&rdquo;, expres&oacute; el Prelado.<\/p>\n<p style=\"text-align: justify\">\n\tEn declaraciones difundidas por la agencia vaticana Fides, Mons. Sako se refiri&oacute; a la orden ejecutiva firmada por Trump el viernes 27 de enero.<\/p>\n<p style=\"text-align: justify\">\n\tEsta orden suspendi&oacute; en Estados Unidos el Programa de Admisi&oacute;n de Refugiados durante 120 d&iacute;as, la entrada de refugiados sirios de manera indefinida, el ingreso durante 90 d&iacute;as de ciudadanos de Irak, Siria, Ir&aacute;n, Libia, Somalia, Sud&aacute;n y Yemen &ndash;calificados como &ldquo;&aacute;reas de preocupaci&oacute;n&rdquo;&ndash;; y prioriza las solicitudes de refugiados &quot;en base a su persecuci&oacute;n religiosa&quot; si la persona pertenece a una minor&iacute;a religiosa en su pa&iacute;s de origen.<\/p>\n<p style=\"text-align: justify\">\n\tSi bien la orden no menciona espec&iacute;ficamente a los cristianos sirios, antes de firmarla el Presidente Trump dijo a Christian Broadcasting News (CBN) que &eacute;l priorizar&iacute;a a los refugiados cristianos.<\/p>\n<p style=\"text-align: justify\">\n\t&ldquo;Vamos a ayudarlos&rdquo;, dijo Trump. &ldquo;Han sido horriblemente tratados. &iquest;Sabes que si eres cristiano en Siria era imposible, al menos muy duro, entrar a Estados Unidos?&rdquo;, a&ntilde;adi&oacute;.<\/p>\n<p style=\"text-align: justify\">\n\tMons. Sako, que desde 2014 ha denunciado la persecuci&oacute;n religiosa perpetrada por el Estado Isl&aacute;mico (ISIS) en pa&iacute;ses como Siria e Irak, advirti&oacute; que esta orden ejecutiva es &ldquo;una trampa para los cristianos de Oriente Medio&rdquo;.<\/p>\n<p style=\"text-align: justify\">\n\tIndic&oacute; que separar a los refugiados por causa de su religi&oacute;n discrimina y crea y alimenta &ldquo;tensiones con nuestros conciudadanos musulmanes&rdquo;. &ldquo;Las personas que piden ayuda no necesitan ser divididos de acuerdo a etiquetas religiosas. Y nosotros no queremos privilegios&rdquo;, expres&oacute;.<\/p>\n<p style=\"text-align: justify\">\n\tMons. Sako record&oacute; que esto &ldquo;nos lo ense&ntilde;a el Evangelio, y tambi&eacute;n lo ha mostrado el Papa Francisco, quien ha acogido en Roma a refugiados de Oriente Medio, tanto cristianos como musulmanes, sin distinci&oacute;n&rdquo;.<\/p>\n<p style=\"text-align: justify\">\n\tTambi&eacute;n te puede interesar:<\/p>\n<p style=\"text-align: justify\">\n\t\t&iquest;Qu&eacute; hace la Iglesia ante &oacute;rdenes migratorias de Trump? Arzobispo de Los &Aacute;ngeles contesta https:\/\/t.co\/FZLsrkkI6G<\/p>\n<p>\t&mdash; ACI Prensa (@aciprensa) 31 de enero de 2017<\/p>\n","protected":false},"excerpt":{"rendered":"<p>ROMA, 31 Ene. 17 (ACI).- El Arzobispo caldeo de Bagdad (Irak), Mons. Louis Sako, advirti&oacute; que la orden ejecutiva del Presidente de Estados Unidos, Donald Trump, de restringir el ingreso de musulmanes de siete pa&iacute;ses, pondr&aacute; en peligro a los cristianos de Medio Oriente porque reforzar&aacute; la idea de los terroristas isl&aacute;micos de que esta &hellip; <a href=\"https:\/\/www.biblia.work\/noticias\/obispo-iraqui-advierte-politica-migratoria-de-trump-perjudicara-a-minoria-cristiana\/\" class=\"more-link\">Continuar leyendo<span class=\"screen-reader-text\"> \u00abObispo iraqu\u00ed advierte: Pol\u00edtica migratoria de Trump perjudicar\u00e1 a minor\u00eda cristiana\u00bb<\/span><\/a><\/p>\n","protected":false},"author":1,"featured_media":0,"comment_status":"open","ping_status":"closed","sticky":false,"template":"","format":"standard","meta":{"footnotes":""},"categories":[1],"tags":[],"class_list":["post-11466","post","type-post","status-publish","format-standard","hentry","category-general"],"_links":{"self":[{"href":"https:\/\/www.biblia.work\/noticias\/wp-json\/wp\/v2\/posts\/11466","targetHints":{"allow":["GET"]}}],"collection":[{"href":"https:\/\/www.biblia.work\/noticias\/wp-json\/wp\/v2\/posts"}],"about":[{"href":"https:\/\/www.biblia.work\/noticias\/wp-json\/wp\/v2\/types\/post"}],"author":[{"embeddable":true,"href":"https:\/\/www.biblia.work\/noticias\/wp-json\/wp\/v2\/users\/1"}],"replies":[{"embeddable":true,"href":"https:\/\/www.biblia.work\/noticias\/wp-json\/wp\/v2\/comments?post=11466"}],"version-history":[{"count":0,"href":"https:\/\/www.biblia.work\/noticias\/wp-json\/wp\/v2\/posts\/11466\/revisions"}],"wp:attachment":[{"href":"https:\/\/www.biblia.work\/noticias\/wp-json\/wp\/v2\/media?parent=11466"}],"wp:term":[{"taxonomy":"category","embeddable":true,"href":"https:\/\/www.biblia.work\/noticias\/wp-json\/wp\/v2\/categories?post=11466"},{"taxonomy":"post_tag","embeddable":true,"href":"https:\/\/www.biblia.work\/noticias\/wp-json\/wp\/v2\/tags?post=11466"}],"curies":[{"name":"wp","href":"https:\/\/api.w.org\/{rel}","templated":true}]}}