{"id":11468,"date":"2017-01-31T23:05:02","date_gmt":"2017-02-01T04:05:02","guid":{"rendered":"http:\/\/www.biblia.work\/noticias\/vocero-de-obispos-espanoles-ideologia-de-genero-es-incompatible-con-el-cristianismo\/"},"modified":"2017-01-31T23:05:02","modified_gmt":"2017-02-01T04:05:02","slug":"vocero-de-obispos-espanoles-ideologia-de-genero-es-incompatible-con-el-cristianismo","status":"publish","type":"post","link":"https:\/\/www.biblia.work\/noticias\/vocero-de-obispos-espanoles-ideologia-de-genero-es-incompatible-con-el-cristianismo\/","title":{"rendered":"Vocero de obispos espa\u00f1oles: Ideolog\u00eda de g\u00e9nero es incompatible con el cristianismo"},"content":{"rendered":"<p> MADRID, 31 Ene. 17 (ACI).-<br \/>\n\tEl portavoz de la Conferencia Episcopal Espa&ntilde;ola, P. Jos&eacute; Mar&iacute;a Gil Tamayo, afirm&oacute; que la ideolog&iacute;a de g&eacute;nero es claramente &ldquo;incompatible con el cristianismo&rdquo;.<\/p>\n<p style=\"text-align: justify\">\n\tEn entrevista concedida a la cadena de radio COPE, en la que toc&oacute; diversos temas de actualidad, el sacerdote dijo que la ideolog&iacute;a de g&eacute;nero ha suscitado &ldquo;un l&iacute;o antropol&oacute;gico, es huir del realismo, de lo que es el ser humano y someterlo&rdquo;, es &ldquo;llevar la libertad a extremos que se vuelven contra el propio ser de la persona. Es incompatible con el cristianismo, claramente&rdquo;.<\/p>\n<p style=\"text-align: justify\">\n\tEl portavoz tambi&eacute;n explic&oacute; que no todas las ideas son iguales, &ldquo;ni igual de beneficiosas. Lo mismo pasa con las ideolog&iacute;as, y en la historia de la humanidad tenemos una triste experiencia y lo vemos a posteriori&rdquo;.<\/p>\n<p style=\"text-align: justify\">\n\tAdem&aacute;s precis&oacute; que esta imposici&oacute;n llega a supeditar en ocasiones la ayuda que reciben &ldquo;determinados pa&iacute;ses en desarrollo para que adopten determinadas l&iacute;neas ideol&oacute;gicas dominantes porque hay intereses detr&aacute;s y eso ocurre tambi&eacute;n con la ideolog&iacute;a de g&eacute;nero&rdquo;.<\/p>\n<p style=\"text-align: justify\">\n\t&ldquo;Yo estoy hablando de ideolog&iacute;a, no quiero traspasar a las personas, que se merecen el mayor de los respetos&rdquo;, precis&oacute;.<\/p>\n<p style=\"text-align: justify\">\n\tSobre el pacto educativo y la posibilidad de que los padres puedan elegir la educaci&oacute;n y el centro escolar que consideren para sus hijos seg&uacute;n sus convicciones, el portavoz de la CEE declar&oacute; que &ldquo;nos hemos alejado en muchas cuestiones de la Constituci&oacute;n y del esp&iacute;ritu constitucional y del esp&iacute;ritu de conjunci&oacute;n&rdquo;.<\/p>\n<p style=\"text-align: justify\">\n\tPor eso insisti&oacute; en que &ldquo;el primer pacto escolar de la democracia est&aacute; plasmado en nuestra Constituci&oacute;n donde hay una conjunci&oacute;n del derecho a la educaci&oacute;n en igualdad de todos los espa&ntilde;oles y al mismo tiempo una defensa de la libertad de los padres y de la libertad educativa. Es el art&iacute;culo 27 de la Constituci&oacute;n&rdquo;.<\/p>\n<p style=\"text-align: justify\">\n\t&ldquo;Yo creo que hay que buscar el bien de nuestros ni&ntilde;os y j&oacute;venes pensando en su formaci&oacute;n de cara al futuro. Un pa&iacute;s es lo que es la educaci&oacute;n de sus ciudadanos&rdquo;, subray&oacute;.<\/p>\n<p style=\"text-align: justify\">\n\tTambi&eacute;n te puede interesar:<\/p>\n<p style=\"text-align: justify\">\n\t\tIdeolog&iacute;a de g&eacute;nero fue creada para destruir la familia, denuncian obispos dominicanos https:\/\/t.co\/Tu0lVXuehG<\/p>\n<p>\t&mdash; ACI Prensa (@aciprensa) 19 de enero de 2017<\/p>\n","protected":false},"excerpt":{"rendered":"<p>MADRID, 31 Ene. 17 (ACI).- El portavoz de la Conferencia Episcopal Espa&ntilde;ola, P. Jos&eacute; Mar&iacute;a Gil Tamayo, afirm&oacute; que la ideolog&iacute;a de g&eacute;nero es claramente &ldquo;incompatible con el cristianismo&rdquo;. En entrevista concedida a la cadena de radio COPE, en la que toc&oacute; diversos temas de actualidad, el sacerdote dijo que la ideolog&iacute;a de g&eacute;nero ha &hellip; <a href=\"https:\/\/www.biblia.work\/noticias\/vocero-de-obispos-espanoles-ideologia-de-genero-es-incompatible-con-el-cristianismo\/\" class=\"more-link\">Continuar leyendo<span class=\"screen-reader-text\"> \u00abVocero de obispos espa\u00f1oles: Ideolog\u00eda de g\u00e9nero es incompatible con el cristianismo\u00bb<\/span><\/a><\/p>\n","protected":false},"author":1,"featured_media":0,"comment_status":"open","ping_status":"closed","sticky":false,"template":"","format":"standard","meta":{"footnotes":""},"categories":[1],"tags":[],"class_list":["post-11468","post","type-post","status-publish","format-standard","hentry","category-general"],"_links":{"self":[{"href":"https:\/\/www.biblia.work\/noticias\/wp-json\/wp\/v2\/posts\/11468","targetHints":{"allow":["GET"]}}],"collection":[{"href":"https:\/\/www.biblia.work\/noticias\/wp-json\/wp\/v2\/posts"}],"about":[{"href":"https:\/\/www.biblia.work\/noticias\/wp-json\/wp\/v2\/types\/post"}],"author":[{"embeddable":true,"href":"https:\/\/www.biblia.work\/noticias\/wp-json\/wp\/v2\/users\/1"}],"replies":[{"embeddable":true,"href":"https:\/\/www.biblia.work\/noticias\/wp-json\/wp\/v2\/comments?post=11468"}],"version-history":[{"count":0,"href":"https:\/\/www.biblia.work\/noticias\/wp-json\/wp\/v2\/posts\/11468\/revisions"}],"wp:attachment":[{"href":"https:\/\/www.biblia.work\/noticias\/wp-json\/wp\/v2\/media?parent=11468"}],"wp:term":[{"taxonomy":"category","embeddable":true,"href":"https:\/\/www.biblia.work\/noticias\/wp-json\/wp\/v2\/categories?post=11468"},{"taxonomy":"post_tag","embeddable":true,"href":"https:\/\/www.biblia.work\/noticias\/wp-json\/wp\/v2\/tags?post=11468"}],"curies":[{"name":"wp","href":"https:\/\/api.w.org\/{rel}","templated":true}]}}