{"id":11472,"date":"2017-02-01T05:15:02","date_gmt":"2017-02-01T10:15:02","guid":{"rendered":"http:\/\/www.biblia.work\/noticias\/francisco-a-los-cristianos-de-oriente-medio-no-se-dejen-robar-la-esperanza\/"},"modified":"2017-02-01T05:15:02","modified_gmt":"2017-02-01T10:15:02","slug":"francisco-a-los-cristianos-de-oriente-medio-no-se-dejen-robar-la-esperanza","status":"publish","type":"post","link":"https:\/\/www.biblia.work\/noticias\/francisco-a-los-cristianos-de-oriente-medio-no-se-dejen-robar-la-esperanza\/","title":{"rendered":"Francisco a los cristianos de Oriente Medio: \u201c\u00a1No se dejen robar la esperanza!\u201d"},"content":{"rendered":"<p style=\"text-align: justify\">(ZENIT \u2013 Ciudad del Vaticano).- El papa Francisco en esta nueva audiencia de los mi\u00e9rcoles se dirigi\u00f3 como de costumbre a los peregrinos de los diversos pa\u00edses, y a los de idioma \u00e1rabe les pidi\u00f3 que \u201cno se dejen robar la esperanza\u201d.<\/p>\n<p style=\"text-align: justify\">Concluido el resumen de la catequesis en italiano un int\u00e9rprete los ha traducido en \u00e1rabe: \u201cDirijo un cordial bienvenido a los peregrinos de idioma \u00e1rabe, \u00a1en particular a los que vienen de Oriente Medio!\u201d, dijo.<\/p>\n<p style=\"text-align: justify\">Y a\u00f1adi\u00f3: \u201cQueridos hermanos y hermanas, la esperanza cristiana es una virtud humilde y fuerte que nos sostiene y no nos permite ahogarnos en las muchas dificultades de la vida\u201d porque \u201cesa es fuente de alegr\u00eda y nos da paz en el coraz\u00f3n\u201d.<\/p>\n<p style=\"text-align: justify\">Francisco concluy\u00f3 pidi\u00e9ndoles: \u201c\u00a1No se dejen robar la esperanza! \u00a1Que el Se\u00f1or les bendiga!<\/p>\n<p><span class=\"et_bloom_bottom_trigger\"><\/span><\/p>\n<p><a href=\"https:\/\/es.zenit.org\/\" target=\"_blank\" rel=\"nofollow\">Fuente: es.zenit.org<\/a><\/p>\n","protected":false},"excerpt":{"rendered":"<p>(ZENIT \u2013 Ciudad del Vaticano).- El papa Francisco en esta nueva audiencia de los mi\u00e9rcoles se dirigi\u00f3 como de costumbre a los peregrinos de los diversos pa\u00edses, y a los de idioma \u00e1rabe les pidi\u00f3 que \u201cno se dejen robar la esperanza\u201d. Concluido el resumen de la catequesis en italiano un int\u00e9rprete los ha traducido &hellip; <a href=\"https:\/\/www.biblia.work\/noticias\/francisco-a-los-cristianos-de-oriente-medio-no-se-dejen-robar-la-esperanza\/\" class=\"more-link\">Continuar leyendo<span class=\"screen-reader-text\"> \u00abFrancisco a los cristianos de Oriente Medio: \u201c\u00a1No se dejen robar la esperanza!\u201d\u00bb<\/span><\/a><\/p>\n","protected":false},"author":1,"featured_media":0,"comment_status":"open","ping_status":"closed","sticky":false,"template":"","format":"standard","meta":{"footnotes":""},"categories":[1],"tags":[],"class_list":["post-11472","post","type-post","status-publish","format-standard","hentry","category-general"],"_links":{"self":[{"href":"https:\/\/www.biblia.work\/noticias\/wp-json\/wp\/v2\/posts\/11472","targetHints":{"allow":["GET"]}}],"collection":[{"href":"https:\/\/www.biblia.work\/noticias\/wp-json\/wp\/v2\/posts"}],"about":[{"href":"https:\/\/www.biblia.work\/noticias\/wp-json\/wp\/v2\/types\/post"}],"author":[{"embeddable":true,"href":"https:\/\/www.biblia.work\/noticias\/wp-json\/wp\/v2\/users\/1"}],"replies":[{"embeddable":true,"href":"https:\/\/www.biblia.work\/noticias\/wp-json\/wp\/v2\/comments?post=11472"}],"version-history":[{"count":0,"href":"https:\/\/www.biblia.work\/noticias\/wp-json\/wp\/v2\/posts\/11472\/revisions"}],"wp:attachment":[{"href":"https:\/\/www.biblia.work\/noticias\/wp-json\/wp\/v2\/media?parent=11472"}],"wp:term":[{"taxonomy":"category","embeddable":true,"href":"https:\/\/www.biblia.work\/noticias\/wp-json\/wp\/v2\/categories?post=11472"},{"taxonomy":"post_tag","embeddable":true,"href":"https:\/\/www.biblia.work\/noticias\/wp-json\/wp\/v2\/tags?post=11472"}],"curies":[{"name":"wp","href":"https:\/\/api.w.org\/{rel}","templated":true}]}}