{"id":11473,"date":"2017-02-01T05:15:02","date_gmt":"2017-02-01T10:15:02","guid":{"rendered":"http:\/\/www.biblia.work\/noticias\/el-papa-explica-como-afrontar-la-pregunta-sobre-la-vida-despues-de-la-muerte\/"},"modified":"2017-02-01T05:15:02","modified_gmt":"2017-02-01T10:15:02","slug":"el-papa-explica-como-afrontar-la-pregunta-sobre-la-vida-despues-de-la-muerte","status":"publish","type":"post","link":"https:\/\/www.biblia.work\/noticias\/el-papa-explica-como-afrontar-la-pregunta-sobre-la-vida-despues-de-la-muerte\/","title":{"rendered":"El Papa explica c\u00f3mo afrontar la pregunta sobre la vida despu\u00e9s de la muerte"},"content":{"rendered":"<p style=\"text-align: justify\"><span style=\"font-weight: 400\">(ZENIT &#8211; Ciudad del Vaticano).- El papa Francisco, como cada semana, se ha reunido con miles de fieles venidos de todas las partes del mundo, con motivo de la audiencia general. En el Aula Pablo VI, los peregrinos que le esperaban desde primera hora de la ma\u00f1ana le han recibido calurosamente. El Papa ha proseguido esta ma\u00f1ana con el ciclo de catequesis sobre el tema de la esperanza cristiana. En concreto hoy ha reflexionado sobre el \u201cyelmo de la esperanza\u201d. <\/span><\/p>\n<p style=\"text-align: justify\"><span style=\"font-weight: 400\">En el resumen que Francisco hace en espa\u00f1ol, ha indicado que \u201c<\/span><span style=\"font-weight: 400\">c<\/span><span style=\"font-weight: 400\">onsideramos ahora la virtud de la esperanza a la luz del Nuevo Testamento\u201d. La persona de Jesu\u0301s y su misterio pascual &#8211;ha explicado el Pont\u00edfice&#8211; abre para nosotros una perspectiva extraordinaria. Al respecto, ha precisado que san Pablo escribe a la joven comunidad de Tesalo\u0301nica, apenas fundada y temporalmente muy cercana al evento de la Resurreccio\u0301n del Sen\u0303or, y \u201ctrata de hacerles comprender todos los efectos y las consecuencias que este evento u\u0301nico y decisivo comporta para la historia y la vida de cada uno\u201d.<\/span><\/p>\n<p style=\"text-align: justify\"><span style=\"font-weight: 400\">Como entonces, ha observado, la dificultad no esta\u0301 en aceptar la Resurreccio\u0301n de Jesu\u0301s, sino en creer en la resurreccio\u0301n de los muertos. Por esta raz\u00f3n, el Pont\u00edfice ha indicado que cada vez que nos enfrentamos a la muerte, ya sea la nuestra o la de un ser querido, \u201csentimos que nuestra fe se tambalea\u201d, y \u201cnos preguntamos si hay vida despue\u0301s de la muerte\u201d, o si &#8220;volveremos a encontrarnos con los que nos han dejado\u201d. Tal y como ha aseverado el Santo Padre, Pablo, ante las dudas de la comunidad, invita a mantener so\u0301lida la \u201cesperanza de la salvacio\u0301n\u201d. La esperanza cristiana &#8211;ha a\u00f1adido Francisco&#8211; es esperar en algo que ya se cumplio\u0301, pero que debe realizarse plenamente para cada uno de nosotros. Por esto, ha concluido, \u201cla esperanza nos exige tener un corazo\u0301n pobre y humilde, que sepa confiar y esperar so\u0301lo en Dios Nuestro Sen\u0303or\u201d.<\/span><\/p>\n<p style=\"text-align: justify\"><span style=\"font-weight: 400\">A continuaci\u00f3n, el Papa ha saludado <\/span><span style=\"font-weight: 400\">a los peregrinos de lengua espan\u0303ola, en particular a los provenientes de Espan\u0303a y Latinoame\u0301rica. As\u00ed, ha deseado que el Sen\u0303or Jesu\u0301s \u201ceduque nuestros corazones en la esperanza de la resurreccio\u0301n, para que aprendamos a vivir en la espera segura del encuentro definitivo con e\u0301l y con todos nuestros seres queridos\u201d. Nos acompan\u0303e en este camino &#8211;ha pedido&#8211; la presencia amorosa de Mari\u0301a, Madre de la esperanza.<\/span><\/p>\n<p style=\"text-align: justify\"><span style=\"font-weight: 400\">Al finalizar los saludos en las distintas lenguas, el Santo Padre ha dirigido un saludo a los j\u00f3venes, a los enfermos y a los reci\u00e9n casados. Ha aprovechado la ocasi\u00f3n para recordar que ma\u00f1ana se celebra la fiesta de la Presentaci\u00f3n del Se\u00f1or y la Jornada Mundial de la Vida Consagrada. Por esta raz\u00f3n, ha encomendado a sus oraciones a los que <\/span> <span style=\"font-weight: 400\">son llamados a profesar los consejos evang\u00e9licos para que \u201ccon su testimonio de vida puedan irradiar en el mundo el amor de Cristo y la gracia del Evangelio\u201d.<\/span><\/p>\n<p><span class=\"et_bloom_bottom_trigger\"><\/span><\/p>\n<p><a href=\"https:\/\/es.zenit.org\/\" target=\"_blank\" rel=\"nofollow\">Fuente: es.zenit.org<\/a><\/p>\n","protected":false},"excerpt":{"rendered":"<p>(ZENIT &#8211; Ciudad del Vaticano).- El papa Francisco, como cada semana, se ha reunido con miles de fieles venidos de todas las partes del mundo, con motivo de la audiencia general. En el Aula Pablo VI, los peregrinos que le esperaban desde primera hora de la ma\u00f1ana le han recibido calurosamente. El Papa ha proseguido &hellip; <a href=\"https:\/\/www.biblia.work\/noticias\/el-papa-explica-como-afrontar-la-pregunta-sobre-la-vida-despues-de-la-muerte\/\" class=\"more-link\">Continuar leyendo<span class=\"screen-reader-text\"> \u00abEl Papa explica c\u00f3mo afrontar la pregunta sobre la vida despu\u00e9s de la muerte\u00bb<\/span><\/a><\/p>\n","protected":false},"author":1,"featured_media":0,"comment_status":"open","ping_status":"closed","sticky":false,"template":"","format":"standard","meta":{"footnotes":""},"categories":[1],"tags":[],"class_list":["post-11473","post","type-post","status-publish","format-standard","hentry","category-general"],"_links":{"self":[{"href":"https:\/\/www.biblia.work\/noticias\/wp-json\/wp\/v2\/posts\/11473","targetHints":{"allow":["GET"]}}],"collection":[{"href":"https:\/\/www.biblia.work\/noticias\/wp-json\/wp\/v2\/posts"}],"about":[{"href":"https:\/\/www.biblia.work\/noticias\/wp-json\/wp\/v2\/types\/post"}],"author":[{"embeddable":true,"href":"https:\/\/www.biblia.work\/noticias\/wp-json\/wp\/v2\/users\/1"}],"replies":[{"embeddable":true,"href":"https:\/\/www.biblia.work\/noticias\/wp-json\/wp\/v2\/comments?post=11473"}],"version-history":[{"count":0,"href":"https:\/\/www.biblia.work\/noticias\/wp-json\/wp\/v2\/posts\/11473\/revisions"}],"wp:attachment":[{"href":"https:\/\/www.biblia.work\/noticias\/wp-json\/wp\/v2\/media?parent=11473"}],"wp:term":[{"taxonomy":"category","embeddable":true,"href":"https:\/\/www.biblia.work\/noticias\/wp-json\/wp\/v2\/categories?post=11473"},{"taxonomy":"post_tag","embeddable":true,"href":"https:\/\/www.biblia.work\/noticias\/wp-json\/wp\/v2\/tags?post=11473"}],"curies":[{"name":"wp","href":"https:\/\/api.w.org\/{rel}","templated":true}]}}