{"id":11481,"date":"2017-02-01T08:15:02","date_gmt":"2017-02-01T13:15:02","guid":{"rendered":"http:\/\/www.biblia.work\/noticias\/son-ninos-y-no-esclavos-tema-de-la-tercera-jornada-de-oracion-contra-la-trata\/"},"modified":"2017-02-01T08:15:02","modified_gmt":"2017-02-01T13:15:02","slug":"son-ninos-y-no-esclavos-tema-de-la-tercera-jornada-de-oracion-contra-la-trata","status":"publish","type":"post","link":"https:\/\/www.biblia.work\/noticias\/son-ninos-y-no-esclavos-tema-de-la-tercera-jornada-de-oracion-contra-la-trata\/","title":{"rendered":"\u201cSon ni\u00f1os y no esclavos\u201d: Tema de la tercera jornada de oraci\u00f3n contra la trata"},"content":{"rendered":"<p style=\"text-align: justify\">(ZENIT \u2013 Roma).- La tercera jornada mundial de oraci\u00f3n y reflexi\u00f3n contra la trata de personas que se realizar\u00e1 el 8 de febrero de 2017, ha sido presentada este mi\u00e9rcoles en Roma, en la Asociaci\u00f3n de la prensa extranjera. El tema central es \u201cSon ni\u00f1os y no esclavos\u201d, con el\u00a0hashtag<b><i>\u00a0<\/i><\/b>en los cuatro principales idiomas: \u201c<b>#<\/b>sonni\u00f1osnosnoesclavos\u201d .<\/p>\n<p style=\"text-align: justify\">El d\u00eda elegido es el 8 de febrero, por ser la memoria lit\u00fargica de santa Josefina Bakhita, la religiosa sudanesa que de ni\u00f1a vivi\u00f3 la dram\u00e1tica experiencia de ser v\u00edctima de la trata.<\/p>\n<p style=\"text-align: justify\">El evento est\u00e1 promovido por Talitha Kum (UISG-USG), la Red internacional de Vida Consagrada contra la trata de personas, en coordinaci\u00f3n con el dicasterio para la Vida Consagrada; el Consejo Pontificio Justicia y Paz; el Pontificio Consejo de los Migrantes y Pueblos Itinerantes; la Academia Pontificia de las Ciencias; C\u00e1ritas Internacional; la Uni\u00f3n Internacional de las Asociaciones Femeninas Cat\u00f3licas; y el Grupo contra la trata de la Comisi\u00f3n Justicia y Paz de las Uniones Internacionales de los superiores y superioras generales (UISG\/USG).<\/p>\n<p style=\"text-align: justify\">Los datos proporcionados hablan por s\u00ed mismos: en los \u00faltimos treinta a\u00f1os se calcula que unos 30 millones de ni\u00f1os han sido afectados por la trata. Actualmente en el mundo cada dos minutos un ni\u00f1o o ni\u00f1a es v\u00edctima de la explotaci\u00f3n sexual. Adem\u00e1s hay m\u00e1s de 200 millones de menores que trabajan, de los cuales 73 millones tienen menos de diez a\u00f1os.<\/p>\n<p style=\"text-align: justify\">Unicef indica que en el mundo hay 2 millones de ni\u00f1os explotados en la prostituci\u00f3n por el mercado global del comercio sexual y cada a\u00f1o otros tantos millones de ni\u00f1os en todo el mundo sufren la explotaci\u00f3n sexual, en la prostituci\u00f3n o pornograf\u00eda; la mayor\u00eda de ellos enga\u00f1ados y forzados a esta situaci\u00f3n con falsas promesas y apenas conocimiento de los riesgos.<\/p>\n<p style=\"text-align: justify\">Indicaron adem\u00e1s que \u201cel impulso m\u00e1s fuerte hacia la explotaci\u00f3n y el abuso de los ni\u00f1os proviene de la demanda. Si no se encuentra el modo de intervenir con mayor rigor y eficacia ante los explotadores, no se podr\u00e1n detener las numerosas formas de esclavitud de las que son v\u00edctimas los menores de edad\u201d.<\/p>\n<p style=\"text-align: justify\">Otro dato significativo es que el n\u00famero de ni\u00f1os implicados en conflictos armados ha aumentado con casi 300 mil en los \u00faltimos diez a\u00f1os y que la edad media de los ni\u00f1os soldados es de 14 a\u00f1os, de los cuales el 40 por ciento mujeres.<\/p>\n<p style=\"text-align: justify\">Eventos relacionados:<br \/>\nEl 3 de febrero se proyectar\u00e1 la pel\u00edcula <em>Talking to the Trees<\/em>, en la <em>Casa del Cinema<\/em>, junto a Signis.<br \/>\nEl 3 de febrero se realiza un seminario con el tema \u201cSon ni\u00f1os no esclavos. La voz de las mujeres sobre el tr\u00e1fico de ni\u00f1os y adolescentes&#8221;.<br \/>\nEl 4 de febrero ser\u00e1 la vigilia de oraci\u00f3n contra la trata de ni\u00f1os y adolescentes en la parroquia de Ogni Santi, en la Via Appia.<\/p>\n<p><span class=\"et_bloom_bottom_trigger\"><\/span><\/p>\n<p><a href=\"https:\/\/es.zenit.org\/\" target=\"_blank\" rel=\"nofollow\">Fuente: es.zenit.org<\/a><\/p>\n","protected":false},"excerpt":{"rendered":"<p>(ZENIT \u2013 Roma).- La tercera jornada mundial de oraci\u00f3n y reflexi\u00f3n contra la trata de personas que se realizar\u00e1 el 8 de febrero de 2017, ha sido presentada este mi\u00e9rcoles en Roma, en la Asociaci\u00f3n de la prensa extranjera. El tema central es \u201cSon ni\u00f1os y no esclavos\u201d, con el\u00a0hashtag\u00a0en los cuatro principales idiomas: \u201c#sonni\u00f1osnosnoesclavos\u201d &hellip; <a href=\"https:\/\/www.biblia.work\/noticias\/son-ninos-y-no-esclavos-tema-de-la-tercera-jornada-de-oracion-contra-la-trata\/\" class=\"more-link\">Continuar leyendo<span class=\"screen-reader-text\"> \u00ab\u201cSon ni\u00f1os y no esclavos\u201d: Tema de la tercera jornada de oraci\u00f3n contra la trata\u00bb<\/span><\/a><\/p>\n","protected":false},"author":1,"featured_media":0,"comment_status":"open","ping_status":"closed","sticky":false,"template":"","format":"standard","meta":{"footnotes":""},"categories":[1],"tags":[],"class_list":["post-11481","post","type-post","status-publish","format-standard","hentry","category-general"],"_links":{"self":[{"href":"https:\/\/www.biblia.work\/noticias\/wp-json\/wp\/v2\/posts\/11481","targetHints":{"allow":["GET"]}}],"collection":[{"href":"https:\/\/www.biblia.work\/noticias\/wp-json\/wp\/v2\/posts"}],"about":[{"href":"https:\/\/www.biblia.work\/noticias\/wp-json\/wp\/v2\/types\/post"}],"author":[{"embeddable":true,"href":"https:\/\/www.biblia.work\/noticias\/wp-json\/wp\/v2\/users\/1"}],"replies":[{"embeddable":true,"href":"https:\/\/www.biblia.work\/noticias\/wp-json\/wp\/v2\/comments?post=11481"}],"version-history":[{"count":0,"href":"https:\/\/www.biblia.work\/noticias\/wp-json\/wp\/v2\/posts\/11481\/revisions"}],"wp:attachment":[{"href":"https:\/\/www.biblia.work\/noticias\/wp-json\/wp\/v2\/media?parent=11481"}],"wp:term":[{"taxonomy":"category","embeddable":true,"href":"https:\/\/www.biblia.work\/noticias\/wp-json\/wp\/v2\/categories?post=11481"},{"taxonomy":"post_tag","embeddable":true,"href":"https:\/\/www.biblia.work\/noticias\/wp-json\/wp\/v2\/tags?post=11481"}],"curies":[{"name":"wp","href":"https:\/\/api.w.org\/{rel}","templated":true}]}}