{"id":11482,"date":"2017-02-01T09:15:02","date_gmt":"2017-02-01T14:15:02","guid":{"rendered":"http:\/\/www.biblia.work\/noticias\/para-la-jornada-de-oracion-contra-la-trata-cinco-historias-de-ninos-victimas\/"},"modified":"2017-02-01T09:15:02","modified_gmt":"2017-02-01T14:15:02","slug":"para-la-jornada-de-oracion-contra-la-trata-cinco-historias-de-ninos-victimas","status":"publish","type":"post","link":"https:\/\/www.biblia.work\/noticias\/para-la-jornada-de-oracion-contra-la-trata-cinco-historias-de-ninos-victimas\/","title":{"rendered":"Para la Jornada de oraci\u00f3n contra la trata, cinco historias de ni\u00f1os v\u00edctimas"},"content":{"rendered":"<p style=\"text-align: justify\">(ZENIT \u2013 Roma).- Cinco historias de ni\u00f1os v\u00edctimas de la trata han sido publicadas en un peque\u00f1o libro con motivo de la Jornada internacional de oraci\u00f3n y reflexi\u00f3n contra la trata de personas, que se realizar\u00e1 en Roma el 8 de febrero de 2017.<\/p>\n<p style=\"text-align: justify\">\u201cSon ni\u00f1os y no esclavos\u201d, el lema de esta jornada, es tambi\u00e9n el t\u00edtulo de las breves historias escritas por Giampaolo Trevisi, primer dirigente de la Polic\u00eda Italiana y director de la Escuela de Polic\u00eda de <em>Peschera del Garda.<\/em><\/p>\n<p style=\"text-align: justify\">Entrevistado por ZENIT, el dirigente de Polic\u00eda se\u00f1al\u00f3 que \u201cnace todo de la reelaboraci\u00f3n de estas historias verdaderas que me llegaban desde la red, a las que he vuelto m\u00e1s legibles y a veces con un final mejor que el de la realidad\u201d.<\/p>\n<p style=\"text-align: justify\">Se\u00f1al\u00f3 que \u201ccomo polic\u00eda estoy aqu\u00ed porque he buscado de difundirlas para que mucha gente se pueda dar cuenta de situaciones que ni siquiera yo haciendo este trabajo pod\u00eda imaginar, y as\u00ed\u00a0poder entender y tomar conciencia de la gravedad del fen\u00f3meno\u201d.<\/p>\n<p style=\"text-align: justify\">\u201cSon cinco historia &#8211;indic\u00f3 Trevisi&#8211; absolutamente verdaderas, cuyos protagonistas son ni\u00f1os de diversas edades, inclusive ni\u00f1as dos o tres a\u00f1os explotadas por el sexo cibern\u00e9tico\u201d.<\/p>\n<p style=\"text-align: justify\">Se\u00f1al\u00f3 que la polic\u00eda hace much\u00edsimo\u00a0para luchar contra este fen\u00f3meno en la vida cotidiana \u201clos polic\u00edas hombres y mujeres, intentan dar asistencia a las j\u00f3venes que quieren\u00a0escapar de las garras de la prostituci\u00f3n\u201d.<\/p>\n<p style=\"text-align: justify\">Sobre la conferencias internacional organizada por la Santa Sede en la Academia Pontificia de las Ciencias, con la participaci\u00f3n de jefes de polic\u00eda, alcaldes y otras autoridades, Trevisi consider\u00f3 que son iniciativas \u201cabsolutamente indispensables para un fen\u00f3meno tan grande y de portada internacional\u201d.<\/p>\n<p style=\"text-align: justify\">Porque \u201cno basta un, gobierno, la polic\u00eda de un pa\u00eds o una asociaci\u00f3n, es necesario la colaboraci\u00f3n de todos. O sea todo lo bueno que hay sobre la tierra se debe poner junto para que los ni\u00f1os puedan tener en todas las partes del mundo el derecho de jugar y no sean explotados o esclavizados\u201d.<\/p>\n<p style=\"text-align: justify\">Por su parte la Coordinadora de Talitha Kum, Gabrietta Bottani, precis\u00f3 que \u201clas historias han sido recogidas para dar voz a los protagonistas de este d\u00eda: los ni\u00f1os, las ni\u00f1as y los adolescentes que han vivido el dolor y la violencia de la trata y de la explotaci\u00f3n, y es justamente su voz la que gu\u00eda al lector en las historias de vida, en los sue\u00f1os y en el dolor\u201d.<\/p>\n<p><span class=\"et_bloom_bottom_trigger\"><\/span><\/p>\n<p><a href=\"https:\/\/es.zenit.org\/\" target=\"_blank\" rel=\"nofollow\">Fuente: es.zenit.org<\/a><\/p>\n","protected":false},"excerpt":{"rendered":"<p>(ZENIT \u2013 Roma).- Cinco historias de ni\u00f1os v\u00edctimas de la trata han sido publicadas en un peque\u00f1o libro con motivo de la Jornada internacional de oraci\u00f3n y reflexi\u00f3n contra la trata de personas, que se realizar\u00e1 en Roma el 8 de febrero de 2017. \u201cSon ni\u00f1os y no esclavos\u201d, el lema de esta jornada, es &hellip; <a href=\"https:\/\/www.biblia.work\/noticias\/para-la-jornada-de-oracion-contra-la-trata-cinco-historias-de-ninos-victimas\/\" class=\"more-link\">Continuar leyendo<span class=\"screen-reader-text\"> \u00abPara la Jornada de oraci\u00f3n contra la trata, cinco historias de ni\u00f1os v\u00edctimas\u00bb<\/span><\/a><\/p>\n","protected":false},"author":1,"featured_media":0,"comment_status":"open","ping_status":"closed","sticky":false,"template":"","format":"standard","meta":{"footnotes":""},"categories":[1],"tags":[],"class_list":["post-11482","post","type-post","status-publish","format-standard","hentry","category-general"],"_links":{"self":[{"href":"https:\/\/www.biblia.work\/noticias\/wp-json\/wp\/v2\/posts\/11482","targetHints":{"allow":["GET"]}}],"collection":[{"href":"https:\/\/www.biblia.work\/noticias\/wp-json\/wp\/v2\/posts"}],"about":[{"href":"https:\/\/www.biblia.work\/noticias\/wp-json\/wp\/v2\/types\/post"}],"author":[{"embeddable":true,"href":"https:\/\/www.biblia.work\/noticias\/wp-json\/wp\/v2\/users\/1"}],"replies":[{"embeddable":true,"href":"https:\/\/www.biblia.work\/noticias\/wp-json\/wp\/v2\/comments?post=11482"}],"version-history":[{"count":0,"href":"https:\/\/www.biblia.work\/noticias\/wp-json\/wp\/v2\/posts\/11482\/revisions"}],"wp:attachment":[{"href":"https:\/\/www.biblia.work\/noticias\/wp-json\/wp\/v2\/media?parent=11482"}],"wp:term":[{"taxonomy":"category","embeddable":true,"href":"https:\/\/www.biblia.work\/noticias\/wp-json\/wp\/v2\/categories?post=11482"},{"taxonomy":"post_tag","embeddable":true,"href":"https:\/\/www.biblia.work\/noticias\/wp-json\/wp\/v2\/tags?post=11482"}],"curies":[{"name":"wp","href":"https:\/\/api.w.org\/{rel}","templated":true}]}}