{"id":11483,"date":"2017-02-01T11:10:02","date_gmt":"2017-02-01T16:10:02","guid":{"rendered":"http:\/\/www.biblia.work\/noticias\/nuevo-secretario-general-de-onu-reconoce-conexion-de-judios-y-jerusalen\/"},"modified":"2017-02-01T11:10:02","modified_gmt":"2017-02-01T16:10:02","slug":"nuevo-secretario-general-de-onu-reconoce-conexion-de-judios-y-jerusalen","status":"publish","type":"post","link":"https:\/\/www.biblia.work\/noticias\/nuevo-secretario-general-de-onu-reconoce-conexion-de-judios-y-jerusalen\/","title":{"rendered":"Nuevo Secretario General de ONU reconoce conexi\u00f3n de jud\u00edos y Jerusal\u00e9n"},"content":{"rendered":"<p style=\"text-align: justify\">ISRAEL. &#8211; El nuevo secretario general de la ONU, Antonio Guterres, declar\u00f3 el d\u00eda 27 durante una ceremonia en memoria de las v\u00edctimas del Holocausto en la sede de las Naciones Unidas que &#8220;el Imperio Romano no s\u00f3lo destruy\u00f3 el templo en Jerusal\u00e9n, sino que hizo da\u00f1o a jud\u00edos de muchas maneras&#8221;.<\/p>\n<p style=\"text-align: justify\">Unos d\u00edas m\u00e1s tarde, reconoci\u00f3 en una entrevista con una radio israel\u00ed, donde dijo: &#8220;Por supuesto, el templo, que fue destruido por los romanos, era un templo jud\u00edo&#8221;. A\u00f1adi\u00f3 que &#8220;nadie puede negar el hecho de que Jerusal\u00e9n es hoy, una ciudad santa para tres religiones [juda\u00edsmo, el cristianismo y el islam]&#8221;.<\/p>\n<p style=\"text-align: justify\">Reconociendo que el relato b\u00edblico se superpone con las resoluciones de la ONU, sus palabras generaron protestas por parte de l\u00edderes palestinos. Adnan al-Husseini, el ministro de Asuntos de Jerusal\u00e9n, de la Autoridad Palestina se quej\u00f3 de que Guterres &#8220;descuid\u00f3 las resoluciones de la UNESCO, que dicen claramente que la mezquita de Al-Aqsa es una herencia isl\u00e1mica&#8221;.<\/p>\n<p style=\"text-align: justify\">\u00c9l llam\u00f3 a las declaraciones de Guterres como &#8220;una violaci\u00f3n para todas las reglas humanas, diplom\u00e1ticas y legales y una violaci\u00f3n de su posici\u00f3n como secretario general&#8221; de la ONU.<\/p>\n<p style=\"text-align: justify\">En un comunicado, la Autoridad Palestina exigi\u00f3 que Guterres pidiese disculpas por lo que dijo.<\/p>\n<p style=\"text-align: justify\">Insiste en que las declaraciones Guterres son un &#8220;golpe a la credibilidad de la ONU como una organizaci\u00f3n global que debe permanecer al lado de los pueblos ocupados y en contra de la fuerza de ocupaci\u00f3n&#8221;.<\/p>\n<p style=\"text-align: justify\">Seg\u00fan el Times de Israel, el vice canciller de Asuntos Exteriores de Israel, Tzipi Hotovely Adjunto elogi\u00f3 a Guterres por su actitud: &#8220;Felicito al Secretario General de las Naciones Unidas por levantarse por la verdad hist\u00f3rica sobre el Monte del Templo y la conexi\u00f3n hist\u00f3rica del pueblo jud\u00edo y Jerusal\u00e9n. No se puede cortar una conexi\u00f3n profunda de 3000 a\u00f1os entre el pueblo de Israel y Jerusal\u00e9n&#8221;.<\/p>\n<p style=\"text-align: justify\">El nuevo secretario general tom\u00f3 una postura p\u00fablica que va en contra de las recientes resoluciones de la UNESCO, que hace referencia al sitio por la terminolog\u00eda en \u00e1rabe (la mezquita de Al-Aqsa y Al-Haram Al-Sharif).<\/p>\n<p style=\"text-align: justify\">El texto habla de una &#8220;Palestina ocupada&#8221; y defiende la protecci\u00f3n del &#8220;patrimonio cultural de palestina y el car\u00e1cter distintivo de Jerusal\u00e9n Este&#8221;. Al hacerlo, las Naciones Unidas ponen el Muro de Lamentaciones en el nivel &#8220;territorio ocupado&#8221;.<\/p>\n<p style=\"text-align: justify\">Con todo el espacio que Israel gan\u00f3 en el mundo diplom\u00e1tico tras la elecci\u00f3n de Trump, llama la atenci\u00f3n sobre alg\u00fan efecto que se puede sentir en las Naciones Unidas, que continuamente est\u00e1 tomando decisiones en contra de Israel.<\/p>\n<p style=\"text-align: justify\">La entrada <a rel=\"nofollow\" href=\"http:\/\/www.noticiacristiana.com\/iglesia\/israel\/2017\/02\/onu-conexion-judios-jerusalen.html\">Nuevo Secretario General de ONU reconoce conexi\u00f3n de jud\u00edos y Jerusal\u00e9n<\/a> aparece primero en <a rel=\"nofollow\" href=\"http:\/\/www.noticiacristiana.com\">NoticiaCristiana.com<\/a>.<\/p>\n","protected":false},"excerpt":{"rendered":"<p>ISRAEL. &#8211; El nuevo secretario general de la ONU, Antonio Guterres, declar\u00f3 el d\u00eda 27 durante una ceremonia en memoria de las v\u00edctimas del Holocausto en la sede de las Naciones Unidas que &#8220;el Imperio Romano no s\u00f3lo destruy\u00f3 el templo en Jerusal\u00e9n, sino que hizo da\u00f1o a jud\u00edos de muchas maneras&#8221;. Unos d\u00edas m\u00e1s &hellip; <a href=\"https:\/\/www.biblia.work\/noticias\/nuevo-secretario-general-de-onu-reconoce-conexion-de-judios-y-jerusalen\/\" class=\"more-link\">Continuar leyendo<span class=\"screen-reader-text\"> \u00abNuevo Secretario General de ONU reconoce conexi\u00f3n de jud\u00edos y Jerusal\u00e9n\u00bb<\/span><\/a><\/p>\n","protected":false},"author":1,"featured_media":0,"comment_status":"open","ping_status":"closed","sticky":false,"template":"","format":"standard","meta":{"footnotes":""},"categories":[1],"tags":[],"class_list":["post-11483","post","type-post","status-publish","format-standard","hentry","category-general"],"_links":{"self":[{"href":"https:\/\/www.biblia.work\/noticias\/wp-json\/wp\/v2\/posts\/11483","targetHints":{"allow":["GET"]}}],"collection":[{"href":"https:\/\/www.biblia.work\/noticias\/wp-json\/wp\/v2\/posts"}],"about":[{"href":"https:\/\/www.biblia.work\/noticias\/wp-json\/wp\/v2\/types\/post"}],"author":[{"embeddable":true,"href":"https:\/\/www.biblia.work\/noticias\/wp-json\/wp\/v2\/users\/1"}],"replies":[{"embeddable":true,"href":"https:\/\/www.biblia.work\/noticias\/wp-json\/wp\/v2\/comments?post=11483"}],"version-history":[{"count":0,"href":"https:\/\/www.biblia.work\/noticias\/wp-json\/wp\/v2\/posts\/11483\/revisions"}],"wp:attachment":[{"href":"https:\/\/www.biblia.work\/noticias\/wp-json\/wp\/v2\/media?parent=11483"}],"wp:term":[{"taxonomy":"category","embeddable":true,"href":"https:\/\/www.biblia.work\/noticias\/wp-json\/wp\/v2\/categories?post=11483"},{"taxonomy":"post_tag","embeddable":true,"href":"https:\/\/www.biblia.work\/noticias\/wp-json\/wp\/v2\/tags?post=11483"}],"curies":[{"name":"wp","href":"https:\/\/api.w.org\/{rel}","templated":true}]}}