{"id":11487,"date":"2017-02-01T12:15:02","date_gmt":"2017-02-01T17:15:02","guid":{"rendered":"http:\/\/www.biblia.work\/noticias\/el-obispo-audo-de-alepo-abrir-la-frontera-solo-a-los-refugiados-cristianos-fomenta-el-fanatismo\/"},"modified":"2017-02-01T12:15:02","modified_gmt":"2017-02-01T17:15:02","slug":"el-obispo-audo-de-alepo-abrir-la-frontera-solo-a-los-refugiados-cristianos-fomenta-el-fanatismo","status":"publish","type":"post","link":"https:\/\/www.biblia.work\/noticias\/el-obispo-audo-de-alepo-abrir-la-frontera-solo-a-los-refugiados-cristianos-fomenta-el-fanatismo\/","title":{"rendered":"El obispo Audo de Alepo: abrir la frontera solo a los refugiados cristianos fomenta el fanatismo"},"content":{"rendered":"<p style=\"text-align: justify\"><span lang=\"es-ES\">(ZENIT \u2013 Roma).- <\/span>El obispo caldeo de Alepo, Antoine Audo SJ, comentando las declaraciones y las disposiciones del presidente de EE.UU., Donald Trump, quien recientemente ha reconocido como una \u201cprioridad\u201d la acogida en los Estados Unidos de los refugiados cristianos de Siria y Oriente Medio, precisamente al mismo tiempo que decretaba el cierre de las fronteras a los ciudadanos de siete pa\u00edses con mayor\u00eda isl\u00e1mica se<span lang=\"es-ES\">\u00f1al\u00f3:<\/span><\/p>\n<p style=\"text-align: justify\">\u201c<span lang=\"es-ES\">A nosotros, los cristianos de Siria y Oriente Medio no nos gustan los discursos que hacen distinciones entre nosotros y los musulmanes cuando est\u00e1 en juego la justicia, la paz y la ayuda a los necesitados. Qui\u00e9n hace estas diferencias, alimenta el fanatismo y el extremismo\u201d.<\/span><\/p>\n<p style=\"text-align: justify\"><span lang=\"es-ES\">Lo indic\u00f3 este martes la Agencia Fides, precisando que el obispo caldeo les ha referido: <\/span>\u201cLas medidas y las leyes deben ser justas y deben aplicarse por igual a todos, sin discriminaci\u00f3n\u201d.<\/p>\n<p style=\"text-align: justify\"><span lang=\"es-ES\">Entretanto precis\u00f3 que \u201c<\/span>como cristianos, pedimos que nos ayuden a no tener que emigrar, sino a tener paz en nuestros pa\u00edses, para poder continuar con nuestra vida y nuestro testimonio en la tierra donde nacimos\u201d.<\/p>\n<p style=\"text-align: justify\">Sobre el estado actual de Alepo, el obispo Audo reconoce que \u201csin duda ahora hay m\u00e1s seguridad, pero el futuro est\u00e1 marcado por las soluciones que tienen por delante toda Siria. Me parece percibir un cambio en el enfoque de la comunidad internacional\u201d.<\/p>\n<p style=\"text-align: justify\"><span lang=\"es-ES\">El obispo caldeo de Alepo ha indicado que \u201cse<\/span> ha entendido que el problema de Siria no tiene una soluci\u00f3n por la v\u00eda militar, sino que s\u00f3lo se puede llegar a una soluci\u00f3n con la pol\u00edtica, involucrando a todos\u201d.<\/p>\n<p><span class=\"et_bloom_bottom_trigger\"><\/span><\/p>\n<p><a href=\"https:\/\/es.zenit.org\/\" target=\"_blank\" rel=\"nofollow\">Fuente: es.zenit.org<\/a><\/p>\n","protected":false},"excerpt":{"rendered":"<p>(ZENIT \u2013 Roma).- El obispo caldeo de Alepo, Antoine Audo SJ, comentando las declaraciones y las disposiciones del presidente de EE.UU., Donald Trump, quien recientemente ha reconocido como una \u201cprioridad\u201d la acogida en los Estados Unidos de los refugiados cristianos de Siria y Oriente Medio, precisamente al mismo tiempo que decretaba el cierre de las &hellip; <a href=\"https:\/\/www.biblia.work\/noticias\/el-obispo-audo-de-alepo-abrir-la-frontera-solo-a-los-refugiados-cristianos-fomenta-el-fanatismo\/\" class=\"more-link\">Continuar leyendo<span class=\"screen-reader-text\"> \u00abEl obispo Audo de Alepo: abrir la frontera solo a los refugiados cristianos fomenta el fanatismo\u00bb<\/span><\/a><\/p>\n","protected":false},"author":1,"featured_media":0,"comment_status":"open","ping_status":"closed","sticky":false,"template":"","format":"standard","meta":{"footnotes":""},"categories":[1],"tags":[],"class_list":["post-11487","post","type-post","status-publish","format-standard","hentry","category-general"],"_links":{"self":[{"href":"https:\/\/www.biblia.work\/noticias\/wp-json\/wp\/v2\/posts\/11487","targetHints":{"allow":["GET"]}}],"collection":[{"href":"https:\/\/www.biblia.work\/noticias\/wp-json\/wp\/v2\/posts"}],"about":[{"href":"https:\/\/www.biblia.work\/noticias\/wp-json\/wp\/v2\/types\/post"}],"author":[{"embeddable":true,"href":"https:\/\/www.biblia.work\/noticias\/wp-json\/wp\/v2\/users\/1"}],"replies":[{"embeddable":true,"href":"https:\/\/www.biblia.work\/noticias\/wp-json\/wp\/v2\/comments?post=11487"}],"version-history":[{"count":0,"href":"https:\/\/www.biblia.work\/noticias\/wp-json\/wp\/v2\/posts\/11487\/revisions"}],"wp:attachment":[{"href":"https:\/\/www.biblia.work\/noticias\/wp-json\/wp\/v2\/media?parent=11487"}],"wp:term":[{"taxonomy":"category","embeddable":true,"href":"https:\/\/www.biblia.work\/noticias\/wp-json\/wp\/v2\/categories?post=11487"},{"taxonomy":"post_tag","embeddable":true,"href":"https:\/\/www.biblia.work\/noticias\/wp-json\/wp\/v2\/tags?post=11487"}],"curies":[{"name":"wp","href":"https:\/\/api.w.org\/{rel}","templated":true}]}}