{"id":11491,"date":"2017-02-01T13:15:02","date_gmt":"2017-02-01T18:15:02","guid":{"rendered":"http:\/\/www.biblia.work\/noticias\/san-jean-theophane-venard-2-de-febrero\/"},"modified":"2017-02-01T13:15:02","modified_gmt":"2017-02-01T18:15:02","slug":"san-jean-theophane-venard-2-de-febrero","status":"publish","type":"post","link":"https:\/\/www.biblia.work\/noticias\/san-jean-theophane-venard-2-de-febrero\/","title":{"rendered":"San Jean-Th\u00e9ophane V\u00e9nard \u2013 2 de febrero"},"content":{"rendered":"<p style=\"text-align: justify\">(ZENIT &#8211; Madrid).- Las alas de la indecisi\u00f3n son los miedos. Los santos las cercenan. A la doctora de la infancia espiritual, Teresa de Lisieux, que se hab\u00eda propuesto sobrenaturalizar lo ordinario adentr\u00e1ndose con paso firme en este sendero de la perfecci\u00f3n, le impact\u00f3 sobremanera el gesto valiente de un ni\u00f1o que a sus 9 a\u00f1os tuvo claro que quer\u00eda ser m\u00e1rtir, determinaci\u00f3n que llev\u00f3 hasta el final. Era Th\u00e9ophane, cuya festividad celebra la Iglesia junto a la de otros santos y beatos en este d\u00eda de la Presentaci\u00f3n del Se\u00f1or. Y lo que especialmente llam\u00f3 la atenci\u00f3n de la santa al leer su vida, fue que, a diferencia de Lu\u00eds Gonzaga -cuya trayectoria tambi\u00e9n conoc\u00eda-, que hab\u00eda sido un prodigio de virtud, Th\u00e9ophane encarnaba a esa persona que sin brillantez especial alguna, al menos en apariencia, alcanza la santidad. Se sent\u00eda identificada con \u00e9l y quiso emularle partiendo a las misiones. No pudiendo marchar, en su clausura se ofreci\u00f3 por estos misioneros.<\/p>\n<p style=\"text-align: justify\">Th\u00e9ophane naci\u00f3 en Saint-Loup-sur-Thouet, Francia, el 21 de febrero de 1829. De familia creyente, que le acompa\u00f1\u00f3 espiritualmente y apoy\u00f3 en su vocaci\u00f3n, a esa edad en la que los ni\u00f1os hacen de los juegos su principal ocupaci\u00f3n, \u00e9l ya centraba sus ojos escrutadores en todo lo que tuviera que ver con la fe. En particular le conmov\u00edan las noticias que los \u00abAnales de la Propagaci\u00f3n de la Fe\u00bb tra\u00edan de las misiones, mientras pastoreaba un reba\u00f1o junto a su hermana Melania. Su tierna psicolog\u00eda no qued\u00f3 da\u00f1ada por los crueles martirios que conoc\u00eda a trav\u00e9s de este medio. Por el contrario, insufl\u00f3 en su \u00e1nimo el deseo de derramar su sangre por Cristo: <i>\u00ab\u00a1Yo tambi\u00e9n quiero ir a Tonk\u00edn, yo tambi\u00e9n quiero ser un m\u00e1rtir!\u00bb.<\/i> Tras una primera etapa acad\u00e9mica, ingres\u00f3 en el seminario de Montmorillon y prosigui\u00f3 estudios en el seminario mayor de Poitiers. Luego se incardin\u00f3 en la Sociedad de Misiones Extranjeras de Par\u00eds con la venia se su obispo y la previa autorizaci\u00f3n de su padre, que, a\u00fan con dolor, no dud\u00f3 en desprenderse del hijo al que amaba de forma singular, prest\u00e1ndole incondicional apoyo: <i>\u00abSi sientes la llamada de Dios, cosa que no dudo, obedece sin vacilar. \u00a1Que nada te retenga! ni siquiera la idea de dejar a un padre afligido\u00bb. <\/i><\/p>\n<p style=\"text-align: justify\">En esa \u00e9poca Th\u00e9ophane hab\u00eda cambiado radicalmente. Cuando era colegial no estaba adornado de un car\u00e1cter mod\u00e9lico; m\u00e1s bien ced\u00eda a la contrariedad f\u00e1cilmente predominando en ciertos momentos su tendencia a la ira, al tiempo que exhib\u00eda alguna forma de rudeza en los gestos. La oscilaci\u00f3n que sufr\u00eda su conducta pon\u00eda de manifiesto una falta de madurez, y ello, unido a su facilidad para la r\u00e9plica, suscitaba la preocupaci\u00f3n del profesorado que le reconven\u00eda. Luego, \u00e9l mismo se percat\u00f3 de la urgencia de su conversi\u00f3n. Se habitu\u00f3 a rezar el rosario completo, hac\u00eda oraci\u00f3n, se extremaba en la entrega cotidiana, y fue dando pasos hacia la perfecci\u00f3n sin apenas darse cuenta.<\/p>\n<p style=\"text-align: justify\">La muerte de su madre, que se produjo cuando ten\u00eda 13 a\u00f1os, lo encontr\u00f3 dispuesto a afrontar con fortaleza esa dif\u00edcil separaci\u00f3n:<i> \u00abRevist\u00e1monos del escudo de la fe en esta ocasi\u00f3n; recurramos a la religi\u00f3n, pues ella sola puede consolarnos en nuestras penas\u2026<\/i> <i>Y creo poder aseguraros que nuestra buena madre est\u00e1 en el cielo\u00bb.<\/i> Parec\u00edan las palabras de una persona adulta m\u00e1s que de un adolescente. Ello muestra el paso espiritual que hab\u00eda dado. Despu\u00e9s, en el seminario se hab\u00eda caracterizado, sobre todo, por su alegr\u00eda: <i>\u00abEs menester \u00e1nimo en la vida\u00bb. \u00abA pesar de todo: \u00a1<\/i><i>Viva la alegr\u00eda<\/i><i>!\u00bb. <\/i><\/p>\n<p style=\"text-align: justify\">En el Seminario de Misiones Extranjeras de Par\u00eds le encomendaron la schola, donde disfrutaba del canto gregoriano por el que sent\u00eda predilecci\u00f3n. Cuando estaba a punto de ser ordenado enferm\u00f3. Encomend\u00e1ndose a la Virgen super\u00f3 un trance que hab\u00eda estado revestido de cierta seriedad, pero dej\u00f3 su organismo minado para siempre. En 1851 recibi\u00f3 el sacerdocio, y al a\u00f1o siguiente se embarc\u00f3 a Hong Kong. En 1854 se hallaba en su ansiado destino: Tonk\u00edn, lugar que consideraba \u00ab<i>el camino m\u00e1s corto para ir al cielo\u00bb<\/i>. Antes de llegar ya sab\u00eda que su vida corr\u00eda peligro. Durante seis a\u00f1os desarroll\u00f3 su misi\u00f3n apost\u00f3lica en la sombra, en medio de numerosos contratiempos, sin tener una morada fija, y soportando problemas de salud, como un asma persistente que le agotaba. El estudio de la lengua se le hac\u00eda cuesta arriba y as\u00ed lo reconoc\u00eda, pero sab\u00eda que era un instrumento necesario para poder evangelizar. Incluso tradujo dos libros del Nuevo Testamento.<\/p>\n<p style=\"text-align: justify\">Era una persona realista y valerosa, que dio pruebas de una fortaleza poco com\u00fan cuando despu\u00e9s de ser capturado a finales de noviembre de 1860 qued\u00f3 apresado en una min\u00fascula y opresiva jaula de bamb\u00fa. En ella fue conducido a Hanoi donde fue condenado a muerte. Se liber\u00f3 de tan inhumano encierro cuando fue ajusticiado. Dos largos e intensos meses que le sirvieron para trazar en la historia esas l\u00edneas magistrales de la santidad que rubrican la grandeza de un ser humano, contrapunto tambi\u00e9n a la barbarie de otros cong\u00e9neres. Lejos de esta esclavitud atrozmente impuesta, cada d\u00eda conquistaba palmo a palmo esa morada que le aguardaba en la vida eterna. Llevaba a cabo una apasionada labor evangelizadora, y en ella inclu\u00eda una correspondencia epistolar de gran riqueza. Teresa de Lisieux, al conocerla, dedic\u00f3 su oraci\u00f3n a las misiones.<\/p>\n<p style=\"text-align: justify\">Gozosamente aguard\u00f3 su muerte creyendo que un solo golpe certero bastar\u00eda para cercenar el \u00faltimo eslab\u00f3n que le separaba de la gloria, y as\u00ed lo comunic\u00f3 por carta a su padre: <i>\u00abUn ligero sablazo separar\u00e1 mi cabeza, como una flor primaveral que coge el due\u00f1o del jard\u00edn para su agrado\u00bb<\/i>. Se equivoc\u00f3. El 2 de febrero de 1861 despu\u00e9s de negarse a pisotear la cruz de Cristo, un guardia beodo tuvo que asestarle nada menos que cinco golpes de espada para consumar la decapitaci\u00f3n. P\u00edo X lo beatific\u00f3 el 2 de mayo de 1909, y Juan Pablo II lo canoniz\u00f3 el 19 de junio de 1988.<\/p>\n<p><span class=\"et_bloom_bottom_trigger\"><\/span><\/p>\n<p><a href=\"https:\/\/es.zenit.org\/\" target=\"_blank\" rel=\"nofollow\">Fuente: es.zenit.org<\/a><\/p>\n","protected":false},"excerpt":{"rendered":"<p>(ZENIT &#8211; Madrid).- Las alas de la indecisi\u00f3n son los miedos. Los santos las cercenan. A la doctora de la infancia espiritual, Teresa de Lisieux, que se hab\u00eda propuesto sobrenaturalizar lo ordinario adentr\u00e1ndose con paso firme en este sendero de la perfecci\u00f3n, le impact\u00f3 sobremanera el gesto valiente de un ni\u00f1o que a sus 9 &hellip; <a href=\"https:\/\/www.biblia.work\/noticias\/san-jean-theophane-venard-2-de-febrero\/\" class=\"more-link\">Continuar leyendo<span class=\"screen-reader-text\"> \u00abSan Jean-Th\u00e9ophane V\u00e9nard \u2013 2 de febrero\u00bb<\/span><\/a><\/p>\n","protected":false},"author":1,"featured_media":0,"comment_status":"open","ping_status":"closed","sticky":false,"template":"","format":"standard","meta":{"footnotes":""},"categories":[1],"tags":[],"class_list":["post-11491","post","type-post","status-publish","format-standard","hentry","category-general"],"_links":{"self":[{"href":"https:\/\/www.biblia.work\/noticias\/wp-json\/wp\/v2\/posts\/11491","targetHints":{"allow":["GET"]}}],"collection":[{"href":"https:\/\/www.biblia.work\/noticias\/wp-json\/wp\/v2\/posts"}],"about":[{"href":"https:\/\/www.biblia.work\/noticias\/wp-json\/wp\/v2\/types\/post"}],"author":[{"embeddable":true,"href":"https:\/\/www.biblia.work\/noticias\/wp-json\/wp\/v2\/users\/1"}],"replies":[{"embeddable":true,"href":"https:\/\/www.biblia.work\/noticias\/wp-json\/wp\/v2\/comments?post=11491"}],"version-history":[{"count":0,"href":"https:\/\/www.biblia.work\/noticias\/wp-json\/wp\/v2\/posts\/11491\/revisions"}],"wp:attachment":[{"href":"https:\/\/www.biblia.work\/noticias\/wp-json\/wp\/v2\/media?parent=11491"}],"wp:term":[{"taxonomy":"category","embeddable":true,"href":"https:\/\/www.biblia.work\/noticias\/wp-json\/wp\/v2\/categories?post=11491"},{"taxonomy":"post_tag","embeddable":true,"href":"https:\/\/www.biblia.work\/noticias\/wp-json\/wp\/v2\/tags?post=11491"}],"curies":[{"name":"wp","href":"https:\/\/api.w.org\/{rel}","templated":true}]}}