{"id":11502,"date":"2017-02-02T01:05:03","date_gmt":"2017-02-02T06:05:03","guid":{"rendered":"http:\/\/www.biblia.work\/noticias\/hoy-es-la-fiesta-de-la-presentacion-del-senor\/"},"modified":"2017-02-02T01:05:03","modified_gmt":"2017-02-02T06:05:03","slug":"hoy-es-la-fiesta-de-la-presentacion-del-senor","status":"publish","type":"post","link":"https:\/\/www.biblia.work\/noticias\/hoy-es-la-fiesta-de-la-presentacion-del-senor\/","title":{"rendered":"Hoy es la fiesta de la Presentaci\u00f3n del Se\u00f1or"},"content":{"rendered":"<p> REDACCI\u00d3N CENTRAL, 02 Feb. 17 (ACI).-<br \/>\n\tCada 2 de febrero la Iglesia Universal celebra la Fiesta de la Presentaci&oacute;n de Jes&uacute;s en el Templo, donde se realiza el encuentro con Sime&oacute;n y Ana, que se entiende como el encuentro del Se&ntilde;or con su pueblo, y adem&aacute;s se realiza la purificaci&oacute;n ritual de la Virgen Mar&iacute;a.<\/p>\n<p style=\"text-align: justify\">\n\tEn esa &eacute;poca cuando nac&iacute;a el primog&eacute;nito era llevado a los cuarenta d&iacute;as al Templo para su presentaci&oacute;n, as&iacute; como lo describe la Ley de Mois&eacute;s, por eso desde el 25 de diciembre que se celebra el nacimiento del Verbo encarnado al 2 de febrero, Jos&eacute; y Mar&iacute;a cumplieron con llevarlo a consagrar.<\/p>\n<p style=\"text-align: justify\">\n\tAl llegar al Templo, se encuentran con Sime&oacute;n, a quien el Esp&iacute;ritu Santo prometi&oacute; que no morir&iacute;a sin antes ver al Salvador del mundo, y fue el mismo Esp&iacute;ritu quien le dijo al profeta que ese peque&ntilde;o ni&ntilde;o era el Redentor y Salvador de la humanidad.<\/p>\n<p style=\"text-align: justify\">\n\tTambi&eacute;n en este d&iacute;a se encontraba en el Templo la hija de Fanuel de la Tribu de Aser, de nombre Ana, de edad muy avanzada; Ana enviud&oacute; a los 7 a&ntilde;os de haberse casado y permaneci&oacute; as&iacute; hasta los 84 a&ntilde;os, y paraba d&iacute;a y noche en el Templo sirviendo a Dios y ofrec&iacute;a ayunos y oraciones. Ana al ver al ni&ntilde;o alababa a &nbsp;Dios y hablaba del ni&ntilde;o a todos los que esperaban la redenci&oacute;n de Jerusal&eacute;n.<\/p>\n<p style=\"text-align: justify\">\n\tPara conocer m&aacute;s de esta fiesta lea nuestro especial AQU&Iacute;<\/p>\n","protected":false},"excerpt":{"rendered":"<p>REDACCI\u00d3N CENTRAL, 02 Feb. 17 (ACI).- Cada 2 de febrero la Iglesia Universal celebra la Fiesta de la Presentaci&oacute;n de Jes&uacute;s en el Templo, donde se realiza el encuentro con Sime&oacute;n y Ana, que se entiende como el encuentro del Se&ntilde;or con su pueblo, y adem&aacute;s se realiza la purificaci&oacute;n ritual de la Virgen Mar&iacute;a. &hellip; <a href=\"https:\/\/www.biblia.work\/noticias\/hoy-es-la-fiesta-de-la-presentacion-del-senor\/\" class=\"more-link\">Continuar leyendo<span class=\"screen-reader-text\"> \u00abHoy es la fiesta de la Presentaci\u00f3n del Se\u00f1or\u00bb<\/span><\/a><\/p>\n","protected":false},"author":1,"featured_media":0,"comment_status":"open","ping_status":"closed","sticky":false,"template":"","format":"standard","meta":{"footnotes":""},"categories":[1],"tags":[],"class_list":["post-11502","post","type-post","status-publish","format-standard","hentry","category-general"],"_links":{"self":[{"href":"https:\/\/www.biblia.work\/noticias\/wp-json\/wp\/v2\/posts\/11502","targetHints":{"allow":["GET"]}}],"collection":[{"href":"https:\/\/www.biblia.work\/noticias\/wp-json\/wp\/v2\/posts"}],"about":[{"href":"https:\/\/www.biblia.work\/noticias\/wp-json\/wp\/v2\/types\/post"}],"author":[{"embeddable":true,"href":"https:\/\/www.biblia.work\/noticias\/wp-json\/wp\/v2\/users\/1"}],"replies":[{"embeddable":true,"href":"https:\/\/www.biblia.work\/noticias\/wp-json\/wp\/v2\/comments?post=11502"}],"version-history":[{"count":0,"href":"https:\/\/www.biblia.work\/noticias\/wp-json\/wp\/v2\/posts\/11502\/revisions"}],"wp:attachment":[{"href":"https:\/\/www.biblia.work\/noticias\/wp-json\/wp\/v2\/media?parent=11502"}],"wp:term":[{"taxonomy":"category","embeddable":true,"href":"https:\/\/www.biblia.work\/noticias\/wp-json\/wp\/v2\/categories?post=11502"},{"taxonomy":"post_tag","embeddable":true,"href":"https:\/\/www.biblia.work\/noticias\/wp-json\/wp\/v2\/tags?post=11502"}],"curies":[{"name":"wp","href":"https:\/\/api.w.org\/{rel}","templated":true}]}}