{"id":11505,"date":"2017-02-02T06:15:02","date_gmt":"2017-02-02T11:15:02","guid":{"rendered":"http:\/\/www.biblia.work\/noticias\/los-salesianos-presentan-en-un-documental-el-drama-de-los-ninos-soldado\/"},"modified":"2017-02-02T06:15:02","modified_gmt":"2017-02-02T11:15:02","slug":"los-salesianos-presentan-en-un-documental-el-drama-de-los-ninos-soldado","status":"publish","type":"post","link":"https:\/\/www.biblia.work\/noticias\/los-salesianos-presentan-en-un-documental-el-drama-de-los-ninos-soldado\/","title":{"rendered":"Los salesianos presentan en un documental el drama de los ni\u00f1os soldado"},"content":{"rendered":"<p style=\"text-align: justify\"><span lang=\"es-ES\">(ZENIT \u2013 Roma).- L<\/span>os salesianos han presentado este jueves en Roma el documental &#8216;Alto el Fuego&#8217; con el cual narran el drama de los ni<span lang=\"es-ES\">\u00f1os soldados en Colombia.\u00a0<\/span><\/p>\n<p lang=\"es-ES\">Historias tremendas, de peque\u00f1os que han debido asesinar a sus familiares, ni\u00f1as de 9 o 10 a\u00f1os violadas o usadas como esclavas sexuales, vida bajo disciplina paramilitar que les lleva a aniquilar su personalidad, ni\u00f1os que quedan analfabetos o que nunca fueron a la escuela.<\/p>\n<p style=\"text-align: justify\">\u201c<span lang=\"es-ES\">Cambia su futuro\u201d es la campa\u00f1a de recuperaci\u00f3n de los salesianos. \u201cLa educaci\u00f3n es nuestra herramienta\u201d indican, porque aseguran que\u201clos ni\u00f1os son nuestra prioridad\u201d. <\/span>El documental recoge testimonios de adolescentes, que han vivido en ese infierno y rescatados reconstruyen su vida sin por ello eliminar enteramente las heridas.<\/p>\n<p lang=\"es-ES\">El documental adem\u00e1s de ilustrar, manifiesta la esperanza de que los acuerdos de paz en curso entre el Gobierno del presidente Juan Manuel Santos y la narcoguerrilla FARC puedan superar este conflicto armado que dura desde hace 52 a\u00f1os y que ha producido cientos de miles de muertos.<\/p>\n<p lang=\"es-ES\">El padre Rafael Bejarano de la pastoral juvenil se\u00f1al\u00f3 que el proceso de integraci\u00f3n que realizan en Ciudad Don Bosco, comprende inserci\u00f3n laboral, sanitaria, educativa. Los ni\u00f1os son &#8216;desvinculados&#8217; como v\u00edctimas de la guerrilla, en cambio los adultos se llaman &#8216;desmovilizados&#8217;, y los programas de recuperaci\u00f3n son diversos. Los salesianos estiman que a\u00fan quedan de 8 mil a 13 mil menores en las filas de la guerrilla o paramilitares.<\/p>\n<p lang=\"es-ES\">Dos j\u00f3venes, &#8220;Catalina&#8221; y &#8220;Manuel&#8221;, nombres que usar\u00e1n durante estos d\u00edas, narraron sus experiencias y la situaci\u00f3n que vivieron. Catalina, de casi 20 a\u00f1os, entr\u00f3 voluntariamente en las FARC, ten\u00eda 13 a\u00f1os cuando fue enrolada, debido tambi\u00e9n a problemas familiares. \u201cA los 8 d\u00edas me dieron un arma m\u00e1s grande que yo\u201d y a los 15 d\u00edas \u201ctuve el primer enfrentamiento con el Ej\u00e9rcito\u201d. Le siguieron los bombardeos con helic\u00f3pteros y quedaron 22 de los 44 que estaban. \u201cSab\u00eda que desertar significaba la pena de muerte\u201d, pero a pesar de ello se escap\u00f3. \u201cAhora estoy terminando la secundaria y me preparo para estudiar enfermer\u00eda\u201d, dijo.<\/p>\n<p lang=\"es-ES\">Manuel, 19 a\u00f1os, en cambio narr\u00f3 su ingreso en el 2013 y su permanencia de un a\u00f1o. Ingres\u00f3 en parte por curiosidad y siguiendo a su hermano, \u201chasta que lo mataron y entonces me pregunt\u00e9 \u00bfQu\u00e9 hago yo aqu\u00ed?\u201d. A\u00f1adi\u00f3: \u201cSal\u00ed siendo analfabeto, en cambio ahora estudio y trabajo\u201d.<\/p>\n<p lang=\"es-ES\">Manuel no puede retornar a su casa porque su familia vive en el campo y por lo tanto est\u00e1 desprotegida. Catalina en cambio, puede tener encuentros con su familia en lugares protegidos, indic\u00f3 el padre Bejarano.<\/p>\n<p lang=\"es-ES\">Interrogado por ZENIT sobre el refer\u00e9ndum en Colombia, en el cual no fue aprobado el acuerdo de paz entre el Gobierno y la guerrilla FARC, se\u00f1al\u00f3 que \u201cen Colombia hay una polarizaci\u00f3n en la poblaci\u00f3n civil\u201d, la cual \u201cha sufrido mucho\u201d. Se\u00f1al\u00f3 que son una naci\u00f3n con poca participaci\u00f3n y formaci\u00f3n pol\u00edtica. \u201cEl pueblo sabe lo que le gusta o no le gusta\u201d y a la pregunta si cre\u00edan que los acuerdos garantizaba la paz, \u201cel 51 vot\u00f3 no, pero a la pregunta era sobre al acuerdo y no a la paz\u201d. Significaba que era necesario reforzar el acuerdo, el que despu\u00e9s ha sido aprobado a trav\u00e9s del Congreso. Se\u00f1al\u00f3 tambi\u00e9n que en Ecuador se tomar\u00e1n los di\u00e1logos con la segunda guerrilla del pa\u00eds, el ELN.<\/p>\n<p lang=\"es-ES\">&#8220;Tenemos una naci\u00f3n de esperanza, no de violencia, que no quiere ocultar la realidad pero enfrentarlos, poni\u00e9ndolo sobre la mesa, y para esto pedimos tambi\u00e9n la ayuda de la prensa internacional&#8221;, indic\u00f3 el responsable de la pastoral juvenil.<\/p>\n<p lang=\"es-ES\">La cantidad de ni\u00f1os que atienden los salesianos no coinciden con las cifras de menores enrolados proporcionada por la guerrilla que dice tener solamente a 8. Aunque precisa el padre Bejarano, los 2.300 que atendieron desde el a\u00f1o 2000 y actualmente el trabajo que realizamos con un centenar, indica que la proyecci\u00f3n de las cifras dadas &#8220;no concuerda&#8221;.<\/p>\n<p><span class=\"et_bloom_bottom_trigger\"><\/span><\/p>\n<p><a href=\"https:\/\/es.zenit.org\/\" target=\"_blank\" rel=\"nofollow\">Fuente: es.zenit.org<\/a><\/p>\n","protected":false},"excerpt":{"rendered":"<p>(ZENIT \u2013 Roma).- Los salesianos han presentado este jueves en Roma el documental &#8216;Alto el Fuego&#8217; con el cual narran el drama de los ni\u00f1os soldados en Colombia.\u00a0 Historias tremendas, de peque\u00f1os que han debido asesinar a sus familiares, ni\u00f1as de 9 o 10 a\u00f1os violadas o usadas como esclavas sexuales, vida bajo disciplina paramilitar &hellip; <a href=\"https:\/\/www.biblia.work\/noticias\/los-salesianos-presentan-en-un-documental-el-drama-de-los-ninos-soldado\/\" class=\"more-link\">Continuar leyendo<span class=\"screen-reader-text\"> \u00abLos salesianos presentan en un documental el drama de los ni\u00f1os soldado\u00bb<\/span><\/a><\/p>\n","protected":false},"author":1,"featured_media":0,"comment_status":"open","ping_status":"closed","sticky":false,"template":"","format":"standard","meta":{"footnotes":""},"categories":[1],"tags":[],"class_list":["post-11505","post","type-post","status-publish","format-standard","hentry","category-general"],"_links":{"self":[{"href":"https:\/\/www.biblia.work\/noticias\/wp-json\/wp\/v2\/posts\/11505","targetHints":{"allow":["GET"]}}],"collection":[{"href":"https:\/\/www.biblia.work\/noticias\/wp-json\/wp\/v2\/posts"}],"about":[{"href":"https:\/\/www.biblia.work\/noticias\/wp-json\/wp\/v2\/types\/post"}],"author":[{"embeddable":true,"href":"https:\/\/www.biblia.work\/noticias\/wp-json\/wp\/v2\/users\/1"}],"replies":[{"embeddable":true,"href":"https:\/\/www.biblia.work\/noticias\/wp-json\/wp\/v2\/comments?post=11505"}],"version-history":[{"count":0,"href":"https:\/\/www.biblia.work\/noticias\/wp-json\/wp\/v2\/posts\/11505\/revisions"}],"wp:attachment":[{"href":"https:\/\/www.biblia.work\/noticias\/wp-json\/wp\/v2\/media?parent=11505"}],"wp:term":[{"taxonomy":"category","embeddable":true,"href":"https:\/\/www.biblia.work\/noticias\/wp-json\/wp\/v2\/categories?post=11505"},{"taxonomy":"post_tag","embeddable":true,"href":"https:\/\/www.biblia.work\/noticias\/wp-json\/wp\/v2\/tags?post=11505"}],"curies":[{"name":"wp","href":"https:\/\/api.w.org\/{rel}","templated":true}]}}