{"id":11507,"date":"2017-02-02T07:15:02","date_gmt":"2017-02-02T12:15:02","guid":{"rendered":"http:\/\/www.biblia.work\/noticias\/un-libro-sobre-vatileaks-2-para-profundizar-sobre-un-caso-seguido-por-la-prensa-internacional\/"},"modified":"2017-02-02T07:15:02","modified_gmt":"2017-02-02T12:15:02","slug":"un-libro-sobre-vatileaks-2-para-profundizar-sobre-un-caso-seguido-por-la-prensa-internacional","status":"publish","type":"post","link":"https:\/\/www.biblia.work\/noticias\/un-libro-sobre-vatileaks-2-para-profundizar-sobre-un-caso-seguido-por-la-prensa-internacional\/","title":{"rendered":"Un libro sobre Vatileaks 2 para profundizar sobre un caso seguido por la prensa internacional"},"content":{"rendered":"<p style=\"text-align: justify\"><span lang=\"es-ES\">(ZENIT \u2013 Roma).- En el libro Vatileaks 2, &#8216;El Vaticano a la prueba de la justicia y de los hombres&#8217; reci\u00e9n publicado por la editora Rizzoli no hay documentos particularmente nuevos, no hay una exclusiva, sino elementos para profundizar. <\/span><span lang=\"es-ES\">Lo indic\u00f3 este jueves el padre Federico Lombardi, ex portavoz del Vaticano, en la presentaci\u00f3n realizada en la asociaci\u00f3n <em>Stampa Estera<\/em>\u00a0en Italia, junto al otro autor, Massimiliano Menichetti.<\/span><\/p>\n<p style=\"text-align: justify\"><span lang=\"es-ES\">La expresi\u00f3n Vatileaks se refiere a la fuga de noticias reservadas del Vaticano que sucedi\u00f3 bajo el pontificado de Benedicto XVI. Y el Vatileaks 2 fue\u00a0el proceso judicial que el Vaticano inici\u00f3 el 24 de noviembre de 2015 a dos periodistas que con documentos\u00a0de la comisi\u00f3n COSEA, creada<\/span><span lang=\"es-ES\">\u00a0por el papa Francisco para ordenar las finanzas del Vaticano, escribieron dos libros. Los documentos fueron filtrados por el sacerdote\u00a0espa\u00f1ol Lucio Vallejo Balda, condenado a 18 meses de detenci\u00f3n con pena suspendida desde noviembre de 2016, y la relaciones p\u00fablica\u00a0Francesca Immacolata Chaouqui, con sentencia a 8 meses con pena suspendida. <\/span><span lang=\"es-ES\">Los periodista Gianluigi Nuzzi autor del libro <em>V\u00eda Crucis<\/em>, y Emiliano Fittipaldi, del volumen <em>Avaricia<\/em>, fueron absueltos. <\/span><\/p>\n<p style=\"text-align: justify\">\u201c<span lang=\"es-ES\">Es una<\/span> presentaci<span lang=\"es-ES\">\u00f3n objetiva, con la finalidad de dar una documentaci\u00f3n adecuada, suficientemente amplia, para saber que fue este proceso y las motivaciones de la sentencia\u201d dijo Lombardi. O sea, no se habla de las discusiones o temas de la Comisi\u00f3n COSEA a la que el papa Francisco le encomend\u00f3 un informe sobre la finanza en el Vaticano, sino el proceso y c\u00f3mo se realiz\u00f3.<\/span><\/p>\n<p style=\"text-align: justify\"><span lang=\"es-ES\">La Magistratura del Vaticano, independiente y aut\u00f3noma, debe vigilar sobre la observancia de las leyes. Esto es poco conocido, dijo el ex director de la oficina de prensa de la Santa Sede, \u00a0y poder seguir los pasos de un proceso tiene importancia para entender las instituciones del Vaticano y su modo de operar. Tal y como lo hicieron los jueces, en particular sobre la libertad de prensa.<\/span><\/p>\n<p style=\"text-align: justify\">El padre Lombardi asegur\u00f3 adem\u00e1s que &#8220;es mejor buscar la verdad que no hacer un proceso por temor a una cuesti\u00f3n de imagen&#8221;. Y que esta fue la l\u00ednea tomada por Benedicto XVI en el caso de los abusos de menores.<\/p>\n<p style=\"text-align: justify\"><span lang=\"es-ES\">Por su parte Massimiliano Menichetti, periodista de la Radio Vaticano, explic\u00f3 que tuvo gran libertad para seguir todo el proceso judicial sin que nunca nadie le dijera\u00a0qu\u00e9 publicar o no.\u00a0<\/span><\/p>\n<p style=\"text-align: justify\">\u201c<span lang=\"es-ES\">El proceso demuestra que un periodista puede hablar libremente sobre el Vaticano\u201d, concluy\u00f3 Menichetti, y el riesgo \u201ces desproporcionar un evento para intentar tener una exclusiva\u201d, incluso descalificando a los dem\u00e1s.<\/span><\/p>\n<p style=\"text-align: justify\">&nbsp;<\/p>\n<p><span class=\"et_bloom_bottom_trigger\"><\/span><\/p>\n<p><a href=\"https:\/\/es.zenit.org\/\" target=\"_blank\" rel=\"nofollow\">Fuente: es.zenit.org<\/a><\/p>\n","protected":false},"excerpt":{"rendered":"<p>(ZENIT \u2013 Roma).- En el libro Vatileaks 2, &#8216;El Vaticano a la prueba de la justicia y de los hombres&#8217; reci\u00e9n publicado por la editora Rizzoli no hay documentos particularmente nuevos, no hay una exclusiva, sino elementos para profundizar. Lo indic\u00f3 este jueves el padre Federico Lombardi, ex portavoz del Vaticano, en la presentaci\u00f3n realizada &hellip; <a href=\"https:\/\/www.biblia.work\/noticias\/un-libro-sobre-vatileaks-2-para-profundizar-sobre-un-caso-seguido-por-la-prensa-internacional\/\" class=\"more-link\">Continuar leyendo<span class=\"screen-reader-text\"> \u00abUn libro sobre Vatileaks 2 para profundizar sobre un caso seguido por la prensa internacional\u00bb<\/span><\/a><\/p>\n","protected":false},"author":1,"featured_media":0,"comment_status":"open","ping_status":"closed","sticky":false,"template":"","format":"standard","meta":{"footnotes":""},"categories":[1],"tags":[],"class_list":["post-11507","post","type-post","status-publish","format-standard","hentry","category-general"],"_links":{"self":[{"href":"https:\/\/www.biblia.work\/noticias\/wp-json\/wp\/v2\/posts\/11507","targetHints":{"allow":["GET"]}}],"collection":[{"href":"https:\/\/www.biblia.work\/noticias\/wp-json\/wp\/v2\/posts"}],"about":[{"href":"https:\/\/www.biblia.work\/noticias\/wp-json\/wp\/v2\/types\/post"}],"author":[{"embeddable":true,"href":"https:\/\/www.biblia.work\/noticias\/wp-json\/wp\/v2\/users\/1"}],"replies":[{"embeddable":true,"href":"https:\/\/www.biblia.work\/noticias\/wp-json\/wp\/v2\/comments?post=11507"}],"version-history":[{"count":0,"href":"https:\/\/www.biblia.work\/noticias\/wp-json\/wp\/v2\/posts\/11507\/revisions"}],"wp:attachment":[{"href":"https:\/\/www.biblia.work\/noticias\/wp-json\/wp\/v2\/media?parent=11507"}],"wp:term":[{"taxonomy":"category","embeddable":true,"href":"https:\/\/www.biblia.work\/noticias\/wp-json\/wp\/v2\/categories?post=11507"},{"taxonomy":"post_tag","embeddable":true,"href":"https:\/\/www.biblia.work\/noticias\/wp-json\/wp\/v2\/tags?post=11507"}],"curies":[{"name":"wp","href":"https:\/\/api.w.org\/{rel}","templated":true}]}}