{"id":11509,"date":"2017-02-02T08:40:06","date_gmt":"2017-02-02T13:40:06","guid":{"rendered":"http:\/\/www.biblia.work\/noticias\/cada-momento-de-la-celebracion-eucaristica-esta-referido-a-la-misericordia-de-dios\/"},"modified":"2017-02-02T08:40:06","modified_gmt":"2017-02-02T13:40:06","slug":"cada-momento-de-la-celebracion-eucaristica-esta-referido-a-la-misericordia-de-dios","status":"publish","type":"post","link":"https:\/\/www.biblia.work\/noticias\/cada-momento-de-la-celebracion-eucaristica-esta-referido-a-la-misericordia-de-dios\/","title":{"rendered":"Cada momento de la celebraci\u00f3n eucar\u00edstica est\u00e1 referido a la misericordia de Dios"},"content":{"rendered":"<p> <img src='http:\/\/media02.radiovaticana.va\/photo\/2016\/02\/29\/ANSA964230_Thumbnail.jpg' alt='' align='left' hspace='5'> <\/p>\n<p><strong>&quot;Por aquellos que est&aacute;n agobiados, especialmente los pobres, los refugiados y los marginados, para que encuentren acogida y apoyo en nuestras comunidades<\/strong>&rdquo;: es la intenci&oacute;n de oraci&oacute;n universal para el mes de febrero, por la que invita a rezar el Papa Francisco en su <strong>video mensaje<\/strong>.<\/p>\n<p>El Santo Padre exhorta una vez m&aacute;s a acoger a quienes sufren las consecuencias de la explosi&oacute;n urbana de las ciudades, que terminan por marginar a buena parte de sus habitantes, abandon&aacute;ndolos en las periferias y dej&aacute;ndolos &ldquo;sin horizontes y sin salida&rdquo;.<\/p>\n<p>El <strong>Video del Papa<\/strong> es promovido por la <a target=\"_blank\" rel=\"nofollow\" href=\"http:\/\/www.apostoladodelaoracion.com\/\">Red Mundial de Oraci&oacute;n del Papa<\/a>, que difunde a trav&eacute;s de las redes sociales las intenciones que el Santo Padre propone para cada mes a toda la Iglesia. De este modo, se lleva adelante el Apostolado de la Oraci&oacute;n y se hace crecer la comuni&oacute;n.<\/p>\n<p>Escuchemos al Pont&iacute;fice en el video mensaje:<\/p>\n<\/p>\n<p>(Mar&iacute;a Cecilia Mutual, RV)<\/p>\n<p>&nbsp;<\/p>\n<p>&nbsp;<\/p>\n<p><a href=\"http:\/\/es.radiovaticana.va\" target=\"_blank\" rel=\"nofollow\">Fuente: es.radiovaticana.va<\/a><\/p>\n","protected":false},"excerpt":{"rendered":"<p>&quot;Por aquellos que est&aacute;n agobiados, especialmente los pobres, los refugiados y los marginados, para que encuentren acogida y apoyo en nuestras comunidades&rdquo;: es la intenci&oacute;n de oraci&oacute;n universal para el mes de febrero, por la que invita a rezar el Papa Francisco en su video mensaje. El Santo Padre exhorta una vez m&aacute;s a acoger &hellip; <a href=\"https:\/\/www.biblia.work\/noticias\/cada-momento-de-la-celebracion-eucaristica-esta-referido-a-la-misericordia-de-dios\/\" class=\"more-link\">Continuar leyendo<span class=\"screen-reader-text\"> \u00abCada momento de la celebraci\u00f3n eucar\u00edstica est\u00e1 referido a la misericordia de Dios\u00bb<\/span><\/a><\/p>\n","protected":false},"author":1,"featured_media":0,"comment_status":"open","ping_status":"closed","sticky":false,"template":"","format":"standard","meta":{"footnotes":""},"categories":[1],"tags":[],"class_list":["post-11509","post","type-post","status-publish","format-standard","hentry","category-general"],"_links":{"self":[{"href":"https:\/\/www.biblia.work\/noticias\/wp-json\/wp\/v2\/posts\/11509","targetHints":{"allow":["GET"]}}],"collection":[{"href":"https:\/\/www.biblia.work\/noticias\/wp-json\/wp\/v2\/posts"}],"about":[{"href":"https:\/\/www.biblia.work\/noticias\/wp-json\/wp\/v2\/types\/post"}],"author":[{"embeddable":true,"href":"https:\/\/www.biblia.work\/noticias\/wp-json\/wp\/v2\/users\/1"}],"replies":[{"embeddable":true,"href":"https:\/\/www.biblia.work\/noticias\/wp-json\/wp\/v2\/comments?post=11509"}],"version-history":[{"count":0,"href":"https:\/\/www.biblia.work\/noticias\/wp-json\/wp\/v2\/posts\/11509\/revisions"}],"wp:attachment":[{"href":"https:\/\/www.biblia.work\/noticias\/wp-json\/wp\/v2\/media?parent=11509"}],"wp:term":[{"taxonomy":"category","embeddable":true,"href":"https:\/\/www.biblia.work\/noticias\/wp-json\/wp\/v2\/categories?post=11509"},{"taxonomy":"post_tag","embeddable":true,"href":"https:\/\/www.biblia.work\/noticias\/wp-json\/wp\/v2\/tags?post=11509"}],"curies":[{"name":"wp","href":"https:\/\/api.w.org\/{rel}","templated":true}]}}