{"id":11510,"date":"2017-02-02T09:15:03","date_gmt":"2017-02-02T14:15:03","guid":{"rendered":"http:\/\/www.biblia.work\/noticias\/el-papa-impulsa-un-anti-mannequin-challenge-para-combatir-la-indiferencia\/"},"modified":"2017-02-02T09:15:03","modified_gmt":"2017-02-02T14:15:03","slug":"el-papa-impulsa-un-anti-mannequin-challenge-para-combatir-la-indiferencia","status":"publish","type":"post","link":"https:\/\/www.biblia.work\/noticias\/el-papa-impulsa-un-anti-mannequin-challenge-para-combatir-la-indiferencia\/","title":{"rendered":"El Papa impulsa un anti mannequin challenge para combatir la indiferencia"},"content":{"rendered":"<p style=\"text-align: justify\">(ZENIT &#8211; Ciudad del Vaticano).-\u00a0<span style=\"font-weight: 400\">La edici\u00f3n de febrero de <\/span><a target=\"_blank\" rel=\"nofollow\" href=\"http:\/\/lamachi.us8.list-manage.com\/track\/click?u=04cc9276f22f9a94daad4f964&amp;id=c9abfbd283&amp;e=cc2b750c92\"><span style=\"font-weight: 400\">El Video del Papa<\/span><\/a><span style=\"font-weight: 400\"> se suma a la tendencia del <\/span><i><span style=\"font-weight: 400\">mannequin challenge<\/span><\/i><span style=\"font-weight: 400\"> para invitar a todo el mundo a abandonar la cultura de la quietud y la indiferencia frente a los que m\u00e1s sufren. \u00a0<\/span><span style=\"font-weight: 400\">El Papa lanza la edici\u00f3n n\u00b0 14 del v\u00eddeo mediante el cual comparte sus intenciones de oraci\u00f3n de mes con todo el mundo. Bajo el t\u00edtulo \u201cAcoger a los agobiados, pobres, refugiados y marginados\u201d, Francisco pide por las personas que se encuentran en situaciones de vulnerabilidad y desamparo.<\/span><\/p>\n<p style=\"text-align: justify\"><span style=\"font-weight: 400\">En esta ocasi\u00f3n, el Pont\u00edfice se suma a la extendida pr\u00e1ctica del <\/span><i><span style=\"font-weight: 400\">mannequin challenge<\/span><\/i><span style=\"font-weight: 400\">, que consiste en grabar un v\u00eddeo \u201cdonde se muestra a todos los protagonistas inm\u00f3viles como maniqu\u00edes, ubicados en alguna posici\u00f3n divertida o desafiante\u201d. Pero aqu\u00ed la propuesta es \u201cir exactamente hacia la direcci\u00f3n contraria y pretende advertir que la quietud y la indiferencia frente a los que sufren es una actitud que la sociedad debe revertir de manera urgente\u201d.\u00a0<\/span><\/p>\n<p style=\"text-align: justify\"><span style=\"font-weight: 400\"> \u201cVivimos en ciudades que construyen torres, centros comerciales, hacen negocios inmobiliarios, pero abandonan a una parte de s\u00ed en las m\u00e1rgenes, las periferias\u201d, expresa Francisco, comparando la realidad de unos y otros en las sociedades modernas. Como consecuencia de esta situaci\u00f3n &#8211;prosigue&#8211; grandes masas de la poblaci\u00f3n, se ven excluidas, se ven marginadas: sin trabajo, sin horizontes, sin salida. &#8220;No les abandones&#8221;, exhorta el Pont\u00edfice. <\/span><\/p>\n<p style=\"text-align: justify\"><span style=\"font-weight: 400\">El Santo Padre invita a pedir junto a \u00e9l &#8220;por aquellos que est\u00e1n agobiados, especialmente los pobres, los refugiados y los marginados, para que encuentren acogida y apoyo en nuestras comunidades&#8221;.\u00a0<\/span><\/p>\n<p style=\"text-align: justify\"><span style=\"font-weight: 400\">El padre Fr\u00e9d\u00e9ric Fornos, SJ, director\u00a0internacional de la <\/span><a target=\"_blank\" rel=\"nofollow\" href=\"http:\/\/lamachi.us8.list-manage1.com\/track\/click?u=04cc9276f22f9a94daad4f964&amp;id=9facffc867&amp;e=cc2b750c92\"><span style=\"font-weight: 400\">Red Mundial de Oraci\u00f3n del Papa<\/span><\/a><span style=\"font-weight: 400\"> y su rama de j\u00f3venes, el Movimiento Eucar\u00edstico Juvenil (MEJ), indica que \u201ceste mes queremos unirnos, como expresa Francisco, con\u2018aquellos que est\u00e1n agobiados &#8211;especialmente los pobres, los refugiados y los marginados&#8211; para que encuentren acogida y apoyo en nuestras comunidades\u201d. <\/span><\/p>\n<p style=\"text-align: justify\"><span style=\"font-weight: 400\">Desde su lanzamiento en enero de 2016, el v\u00eddeo del Papa lleva m\u00e1s de 13 millones de visualizaciones en sus redes propias.<\/span><\/p>\n<p style=\"text-align: justify\">&nbsp;<\/p>\n<p><span class=\"et_bloom_bottom_trigger\"><\/span><\/p>\n<p><a href=\"https:\/\/es.zenit.org\/\" target=\"_blank\" rel=\"nofollow\">Fuente: es.zenit.org<\/a><\/p>\n","protected":false},"excerpt":{"rendered":"<p>(ZENIT &#8211; Ciudad del Vaticano).-\u00a0La edici\u00f3n de febrero de El Video del Papa se suma a la tendencia del mannequin challenge para invitar a todo el mundo a abandonar la cultura de la quietud y la indiferencia frente a los que m\u00e1s sufren. \u00a0El Papa lanza la edici\u00f3n n\u00b0 14 del v\u00eddeo mediante el cual &hellip; <a href=\"https:\/\/www.biblia.work\/noticias\/el-papa-impulsa-un-anti-mannequin-challenge-para-combatir-la-indiferencia\/\" class=\"more-link\">Continuar leyendo<span class=\"screen-reader-text\"> \u00abEl Papa impulsa un anti mannequin challenge para combatir la indiferencia\u00bb<\/span><\/a><\/p>\n","protected":false},"author":1,"featured_media":0,"comment_status":"open","ping_status":"closed","sticky":false,"template":"","format":"standard","meta":{"footnotes":""},"categories":[1],"tags":[],"class_list":["post-11510","post","type-post","status-publish","format-standard","hentry","category-general"],"_links":{"self":[{"href":"https:\/\/www.biblia.work\/noticias\/wp-json\/wp\/v2\/posts\/11510","targetHints":{"allow":["GET"]}}],"collection":[{"href":"https:\/\/www.biblia.work\/noticias\/wp-json\/wp\/v2\/posts"}],"about":[{"href":"https:\/\/www.biblia.work\/noticias\/wp-json\/wp\/v2\/types\/post"}],"author":[{"embeddable":true,"href":"https:\/\/www.biblia.work\/noticias\/wp-json\/wp\/v2\/users\/1"}],"replies":[{"embeddable":true,"href":"https:\/\/www.biblia.work\/noticias\/wp-json\/wp\/v2\/comments?post=11510"}],"version-history":[{"count":0,"href":"https:\/\/www.biblia.work\/noticias\/wp-json\/wp\/v2\/posts\/11510\/revisions"}],"wp:attachment":[{"href":"https:\/\/www.biblia.work\/noticias\/wp-json\/wp\/v2\/media?parent=11510"}],"wp:term":[{"taxonomy":"category","embeddable":true,"href":"https:\/\/www.biblia.work\/noticias\/wp-json\/wp\/v2\/categories?post=11510"},{"taxonomy":"post_tag","embeddable":true,"href":"https:\/\/www.biblia.work\/noticias\/wp-json\/wp\/v2\/tags?post=11510"}],"curies":[{"name":"wp","href":"https:\/\/api.w.org\/{rel}","templated":true}]}}