{"id":11519,"date":"2017-02-02T12:15:02","date_gmt":"2017-02-02T17:15:02","guid":{"rendered":"http:\/\/www.biblia.work\/noticias\/la-orden-de-malta-asegura-la-intencion-del-papa-es-reforzar-nuestra-mision\/"},"modified":"2017-02-02T12:15:02","modified_gmt":"2017-02-02T17:15:02","slug":"la-orden-de-malta-asegura-la-intencion-del-papa-es-reforzar-nuestra-mision","status":"publish","type":"post","link":"https:\/\/www.biblia.work\/noticias\/la-orden-de-malta-asegura-la-intencion-del-papa-es-reforzar-nuestra-mision\/","title":{"rendered":"La Orden de Malta asegura: \u201cLa intenci\u00f3n del Papa es reforzar nuestra misi\u00f3n\u201d"},"content":{"rendered":"<p style=\"text-align: justify\">(ZENIT \u2013 Roma).- El gobierno de la Orden de Malta en una conferencia de prensa en Roma se\u00f1al\u00f3 que el nombramiento de un delegado pontificio \u201cno es una interferencia en nuestra soberan\u00eda\u201d porque \u201cnuestras relaciones soberanas est\u00e1n al servicio de la Iglesia\u201d. Adem\u00e1s \u201cla intenci\u00f3n del Papa es de reforzar nuestra misi\u00f3n y no de debilitarnos\u201d.<\/p>\n<p style=\"text-align: justify\"><span lang=\"es-ES\">Lo indic\u00f3 este jueves el gran canciller de la Orden de Malta, Albrecht Boeselager, en una la <em>Associazione Stampa Estera in Italia,<\/em> acompa\u00f1ado por el director del Cuerpo de Socorro Italiano de la Orden, <\/span>Mauro Casinghini.<\/p>\n<p style=\"text-align: justify\">&#8220;Esta crisis ser\u00e1 algo ef\u00edmero en la historia si pensamos a la situaci\u00f3n migratoria actual y a los miles de inmigrantes en condiciones desesperadas, porque \u201ca dos horas de Roma vive gente en tiendas y con temperaturas bajo cero\u201d, dijo el Gran Canciller desestimando la pol\u00e9mica que se ha creado.<\/p>\n<p style=\"text-align: justify\"><span lang=\"es-ES\">Lament\u00f3 que se haya puesto el problema surgido, como una contraposici\u00f3n entre la Orden de Malta y el Papa, \u201clo que &#8211;asever\u00f3&#8211; no es para nada verdadero\u201d. No se trat\u00f3 de una lucha de personas, sino que ten\u00eda que ver m\u00e1s con la Constitucion y el C\u00f3digo de la Orden. La observancia de la Constituci\u00f3n misma estaba en juego, a\u00f1adi\u00f3.<\/span><\/p>\n<p style=\"text-align: justify\"><strong><span lang=\"es-ES\">La crisis:<br \/>\n<\/span><\/strong><span lang=\"es-ES\">La pol\u00e9mica entorno a la Orden de Malta parti\u00f3 el 14 de diciembre de 2016, cuando el gran maestre, fray Matthew Festing, con el voto del Soberano Consejo, nombr\u00f3 a John Edward Critien como Gran Canciller interino, destituyendo as\u00ed a Albrecht Freiherr von Boeselager.<\/span><\/p>\n<p style=\"text-align: justify\"><span lang=\"es-ES\">El motivo de la destituci\u00f3n era la distribuci\u00f3n de preservativos en unos programas humanitarios relacionados con la Orden, los cuales fueron suspendidos. El gran maestre Albrecht precis\u00f3 adem\u00e1s que sobre el tema \u201cmis amigos me ven m\u00e1s como del lado conservador\u201d. Y que cuando hemos descubierto los programas \u201clos hemos detenido inmediatamente\u201d aunque \u201cuno que era m\u00e1s complicado\u201d en Birmania o\u00a0Myanmar, \u201cllev\u00f3 m\u00e1s tiempo\u201d.<\/span><\/p>\n<p style=\"text-align: justify\"><span lang=\"es-ES\">La Santa Sede nombr\u00f3 entonces una comisi\u00f3n para profundizar las motivaciones de la destitituci\u00f3n, a lo que la <\/span><span lang=\"es-ES\">Orden se opuso por un motivo de soberan\u00eda en su gobierno interno. A continuaci\u00f3n, el 25 de enero el Gran Maestre de la Orden de Malta, Frey Matthew Festing, present\u00f3 su dimisi\u00f3n al Papa. <\/span><\/p>\n<p style=\"text-align: justify\"><strong><span lang=\"es-ES\">El informe de la comisi\u00f3n pontificia<br \/>\n<\/span><\/strong><span lang=\"es-ES\">Por lo que se refiere al informe de la comisi\u00f3n constituida por el Santo Padre, que en un primer momento rechazada por la Orden, Albrecht se\u00f1al\u00f3 que no sabe cu\u00e1l es el contenido, pero que lo conocer\u00e1n cuando el delegado pontificio sea nombrado. Consider\u00f3 adem\u00e1s que el delegado se concentrar\u00e1 en el lado religioso de la Orden, si bien reconoci\u00f3 que los caballeros profesos de la \u00d3rden son pocos, unos 55, y que probablemente se querr\u00e1 ampliarlo. <\/span><\/p>\n<p style=\"text-align: justify\"><span lang=\"es-ES\"><strong>Pr\u00f3ximas elecciones<\/strong>:<br \/>\n<\/span><span lang=\"es-ES\">Se\u00f1al\u00f3 que proximas elecciones son dentro de los tres meses despu\u00e9s de la dimisi\u00f3n del gran Maestro, o sea probablemente a mitad de abril.<\/span><\/p>\n<p style=\"text-align: justify\"><strong><span lang=\"es-ES\">Declaraci\u00f3n de principios:<br \/>\n<\/span><\/strong>\u201c<span lang=\"es-ES\">Hay muchos pa\u00edses e instituciones que violan los principios humanitarios, no he indicado a nadie en particular. Quiero reiterar no he atacado al gobierno de Hungr\u00eda no tenemos tiempo para ello\u201d.\u00a0<\/span><span lang=\"es-ES\">Reiter\u00f3 entretanto que \u201cno aceptaremos que los principios humanitarios sean violados por lo que se refiere a los inmigrantes y refugiados\u201d. <\/span><\/p>\n<p style=\"text-align: justify\"><strong><span lang=\"es-ES\">Apoyo econ\u00f3mico:<br \/>\n<\/span><\/strong><span lang=\"es-ES\">Para la Orden cumplir la propia misi\u00f3n depende del apoyo econ\u00f3mico de miles de personas en todo el mundo, indic\u00f3 el Gran Canciller. Uno es el trabajo de los voluntarios, otro son las donaciones en dinero. \u201cPara las donaciones existen reglas y todos deben adherir: el primer principio es la legalidad. Otro criterio que aplicamos es que no haya conflicto de inter\u00e9s entre la Orden , el donante y los miembros de la Orden\u201d. Adem\u00e1s \u201ccada donaci\u00f3n va a un objetivo de la Orden y hay siempre una relaci\u00f3n estrecha entre la Orden y sus donantes\u201d. Se\u00f1al\u00f3 que a pesar de lo sucedido los donantes se han mantenido firmes.\u00a0<\/span><\/p>\n<p><span class=\"et_bloom_bottom_trigger\"><\/span><\/p>\n<p><a href=\"https:\/\/es.zenit.org\/\" target=\"_blank\" rel=\"nofollow\">Fuente: es.zenit.org<\/a><\/p>\n","protected":false},"excerpt":{"rendered":"<p>(ZENIT \u2013 Roma).- El gobierno de la Orden de Malta en una conferencia de prensa en Roma se\u00f1al\u00f3 que el nombramiento de un delegado pontificio \u201cno es una interferencia en nuestra soberan\u00eda\u201d porque \u201cnuestras relaciones soberanas est\u00e1n al servicio de la Iglesia\u201d. Adem\u00e1s \u201cla intenci\u00f3n del Papa es de reforzar nuestra misi\u00f3n y no de &hellip; <a href=\"https:\/\/www.biblia.work\/noticias\/la-orden-de-malta-asegura-la-intencion-del-papa-es-reforzar-nuestra-mision\/\" class=\"more-link\">Continuar leyendo<span class=\"screen-reader-text\"> \u00abLa Orden de Malta asegura: \u201cLa intenci\u00f3n del Papa es reforzar nuestra misi\u00f3n\u201d\u00bb<\/span><\/a><\/p>\n","protected":false},"author":1,"featured_media":0,"comment_status":"open","ping_status":"closed","sticky":false,"template":"","format":"standard","meta":{"footnotes":""},"categories":[1],"tags":[],"class_list":["post-11519","post","type-post","status-publish","format-standard","hentry","category-general"],"_links":{"self":[{"href":"https:\/\/www.biblia.work\/noticias\/wp-json\/wp\/v2\/posts\/11519","targetHints":{"allow":["GET"]}}],"collection":[{"href":"https:\/\/www.biblia.work\/noticias\/wp-json\/wp\/v2\/posts"}],"about":[{"href":"https:\/\/www.biblia.work\/noticias\/wp-json\/wp\/v2\/types\/post"}],"author":[{"embeddable":true,"href":"https:\/\/www.biblia.work\/noticias\/wp-json\/wp\/v2\/users\/1"}],"replies":[{"embeddable":true,"href":"https:\/\/www.biblia.work\/noticias\/wp-json\/wp\/v2\/comments?post=11519"}],"version-history":[{"count":0,"href":"https:\/\/www.biblia.work\/noticias\/wp-json\/wp\/v2\/posts\/11519\/revisions"}],"wp:attachment":[{"href":"https:\/\/www.biblia.work\/noticias\/wp-json\/wp\/v2\/media?parent=11519"}],"wp:term":[{"taxonomy":"category","embeddable":true,"href":"https:\/\/www.biblia.work\/noticias\/wp-json\/wp\/v2\/categories?post=11519"},{"taxonomy":"post_tag","embeddable":true,"href":"https:\/\/www.biblia.work\/noticias\/wp-json\/wp\/v2\/tags?post=11519"}],"curies":[{"name":"wp","href":"https:\/\/api.w.org\/{rel}","templated":true}]}}