{"id":11525,"date":"2017-02-02T13:10:04","date_gmt":"2017-02-02T18:10:04","guid":{"rendered":"http:\/\/www.biblia.work\/noticias\/evangelico-es-preso-por-no-contribuir-con-fiestas-catolicas\/"},"modified":"2017-02-02T13:10:04","modified_gmt":"2017-02-02T18:10:04","slug":"evangelico-es-preso-por-no-contribuir-con-fiestas-catolicas","status":"publish","type":"post","link":"https:\/\/www.biblia.work\/noticias\/evangelico-es-preso-por-no-contribuir-con-fiestas-catolicas\/","title":{"rendered":"Evang\u00e9lico es preso por no contribuir con fiestas cat\u00f3licas"},"content":{"rendered":"<p style=\"text-align: justify\">CHIAPAS, MEXICO. &#8211; Un evang\u00e9lico fue detenido durante tres d\u00edas en Chiapas, M\u00e9xico, por negarse a retractarse de su fe y no contribuir con las fiestas cat\u00f3licas, de acuerdo con la Coordinaci\u00f3n de Organizaciones Cristianas.<\/p>\n<p style=\"text-align: justify\">Juan Gabriel L\u00f3pez P\u00e9rez, de 28 a\u00f1os, fue detenido la noche del 7 de enero por las autoridades locales, que practican una tradici\u00f3n que mezcla el catolicismo y los rituales paganos ind\u00edgenas. Seg\u00fan la organizaci\u00f3n, el hombre no ser\u00eda puesto en libertad a menos que vendiera su casa y dejara la regi\u00f3n dentro de 20 d\u00edas.<\/p>\n<p style=\"text-align: justify\">El evang\u00e9lico se enferm\u00f3 despu\u00e9s que pas\u00f3 dos d\u00edas preso y, al cabo de 72 horas, fue puesto en libertad temporalmente para recibir atenci\u00f3n m\u00e9dica. Sin embargo, su esposa, Eduvina L\u00f3pez Santiz, fue obligada a cumplir con el tiempo de prisi\u00f3n en lugar de su marido, denunci\u00f3 la organizaci\u00f3n.<\/p>\n<p style=\"text-align: justify\">Las autoridades municipales de Las Margaritas dieron a Juan la opci\u00f3n de pagar una multa de 5.000 pesos (equivalente a 243 d\u00f3lares) o pasar 72 horas en la c\u00e1rcel. Despu\u00e9s de negarse a pagar la multa, fue enviado a prisi\u00f3n por negarse a firmar un documento que negar\u00eda su fe evang\u00e9lica y que estar\u00eda de acuerdo en contribuir a las fiestas cat\u00f3licas tradicionales.<\/p>\n<p style=\"text-align: justify\">Despu\u00e9s de regresar de su visita m\u00e9dica, Juan fue enviado a una parte m\u00e1s aislada del complejo penitenciario. Su esposa decidi\u00f3 quedarse con \u00e9l, teniendo la oportunidad de volver a casa.<\/p>\n<p style=\"text-align: justify\">De acuerdo con la Coordinaci\u00f3n de Organizaciones Cristianas, el gobernador de Chiapas, Manuel Velasco Coello, fue informado sobre la persecuci\u00f3n de los evang\u00e9licos en diciembre de 2016. &#8220;La falta de atenci\u00f3n del subsecretario de Asuntos Religiosos y las autoridades locales para resolver este problema dio lugar a la privaci\u00f3n ilegal de personas designadas&#8221;, dijo la organizaci\u00f3n.<\/p>\n<p style=\"text-align: justify\">M\u00e9xico est\u00e1 en la posici\u00f3n 41\u00ba \u00a0de los pa\u00edses que m\u00e1s persigue a los cristianos, seg\u00fan la lista de persecuci\u00f3n religiosa publicada por la organizaci\u00f3n Puertas Abiertas.<\/p>\n<p style=\"text-align: justify\">La entrada <a rel=\"nofollow\" href=\"http:\/\/www.noticiacristiana.com\/sociedad\/persecuciones\/2017\/02\/evangelico-preso-no-contribuir-catolicas.html\">Evang\u00e9lico es preso por no contribuir con fiestas cat\u00f3licas<\/a> aparece primero en <a rel=\"nofollow\" href=\"http:\/\/www.noticiacristiana.com\">NoticiaCristiana.com<\/a>.<\/p>\n","protected":false},"excerpt":{"rendered":"<p>CHIAPAS, MEXICO. &#8211; Un evang\u00e9lico fue detenido durante tres d\u00edas en Chiapas, M\u00e9xico, por negarse a retractarse de su fe y no contribuir con las fiestas cat\u00f3licas, de acuerdo con la Coordinaci\u00f3n de Organizaciones Cristianas. Juan Gabriel L\u00f3pez P\u00e9rez, de 28 a\u00f1os, fue detenido la noche del 7 de enero por las autoridades locales, que &hellip; <a href=\"https:\/\/www.biblia.work\/noticias\/evangelico-es-preso-por-no-contribuir-con-fiestas-catolicas\/\" class=\"more-link\">Continuar leyendo<span class=\"screen-reader-text\"> \u00abEvang\u00e9lico es preso por no contribuir con fiestas cat\u00f3licas\u00bb<\/span><\/a><\/p>\n","protected":false},"author":1,"featured_media":0,"comment_status":"open","ping_status":"closed","sticky":false,"template":"","format":"standard","meta":{"footnotes":""},"categories":[1],"tags":[],"class_list":["post-11525","post","type-post","status-publish","format-standard","hentry","category-general"],"_links":{"self":[{"href":"https:\/\/www.biblia.work\/noticias\/wp-json\/wp\/v2\/posts\/11525","targetHints":{"allow":["GET"]}}],"collection":[{"href":"https:\/\/www.biblia.work\/noticias\/wp-json\/wp\/v2\/posts"}],"about":[{"href":"https:\/\/www.biblia.work\/noticias\/wp-json\/wp\/v2\/types\/post"}],"author":[{"embeddable":true,"href":"https:\/\/www.biblia.work\/noticias\/wp-json\/wp\/v2\/users\/1"}],"replies":[{"embeddable":true,"href":"https:\/\/www.biblia.work\/noticias\/wp-json\/wp\/v2\/comments?post=11525"}],"version-history":[{"count":0,"href":"https:\/\/www.biblia.work\/noticias\/wp-json\/wp\/v2\/posts\/11525\/revisions"}],"wp:attachment":[{"href":"https:\/\/www.biblia.work\/noticias\/wp-json\/wp\/v2\/media?parent=11525"}],"wp:term":[{"taxonomy":"category","embeddable":true,"href":"https:\/\/www.biblia.work\/noticias\/wp-json\/wp\/v2\/categories?post=11525"},{"taxonomy":"post_tag","embeddable":true,"href":"https:\/\/www.biblia.work\/noticias\/wp-json\/wp\/v2\/tags?post=11525"}],"curies":[{"name":"wp","href":"https:\/\/api.w.org\/{rel}","templated":true}]}}