{"id":11526,"date":"2017-02-02T13:15:03","date_gmt":"2017-02-02T18:15:03","guid":{"rendered":"http:\/\/www.biblia.work\/noticias\/el-papa-celebra-la-misa-por-la-jornada-de-la-vida-consagrada\/"},"modified":"2017-02-02T13:15:03","modified_gmt":"2017-02-02T18:15:03","slug":"el-papa-celebra-la-misa-por-la-jornada-de-la-vida-consagrada","status":"publish","type":"post","link":"https:\/\/www.biblia.work\/noticias\/el-papa-celebra-la-misa-por-la-jornada-de-la-vida-consagrada\/","title":{"rendered":"El Papa celebra la misa por la Jornada de la Vida Consagrada"},"content":{"rendered":"<p style=\"text-align: justify\">(ZENIT &#8211; Ciudad del Vaticano).- En <span lang=\"es-ES\">la festividad de la Presentaci\u00f3n del Se\u00f1or, y en la XXI Jornada Mundial de la Vida Consagrada, el papa Francisco presidi\u00f3 en la bas\u00edlica vaticana de San Pedro la santa misa.<\/span><\/p>\n<p style=\"text-align: justify\"><span lang=\"es-ES\">El Santo Padre vistiendo paramentos blancos y portando el palio, celebr\u00f3 junto a sacerdotes de \u00f3rdenes, congregaciones e institutos religiosos. El coro de la Capilla Sixtina acompa\u00f1\u00f3 la liturgia con sus cantos polif\u00f3nicos y gregorianos. <\/span><\/p>\n<p style=\"text-align: justify\"><span lang=\"es-ES\">En la misa participaron miembros de los Institutos de vida consagrada quienes vest\u00edan sus h\u00e1bitos, de diversos colores y confecciones, pero tambi\u00e9n miembros de las Sociedades de vida apost\u00f3lica, con sus vestidos diarios. <\/span><\/p>\n<p style=\"text-align: justify\"><span lang=\"es-ES\">La ceremonia se abri\u00f3 con la bendici\u00f3n de las velas, en el d\u00eda de la Virgen de la Candelaria, y la procesi\u00f3n sigui\u00f3 con la celebracion eucar\u00edstica. <\/span><\/p>\n<p style=\"text-align: justify\"><span lang=\"es-ES\">Un \u00edcono representando a la V\u00edrgen Mar\u00eda con el Ni\u00f1o estaba en el lado izquierdo del altar con un hermoso arreglo floral blanco. <\/span><\/p>\n<p style=\"text-align: justify\"><span lang=\"es-ES\">En su homil\u00eda Francisco record\u00f3 que \u201cPoner a Jes\u00fas en medio de su pueblo es tener un coraz\u00f3n contemplativo, capaz de discernir como Dios va caminando por las calles de nuestras ciudades, de nuestros pueblos, en nuestros barrios. Poner a Jes\u00fas en medio de su pueblo, es asumir y querer ayudar a cargar la cruz de nuestros hermanos. Es querer tocar las llagas de Jes\u00fas en las llagas del mundo, que est\u00e1 herido y anhela, y pide resucitar\u201d.<\/span><\/p>\n<p style=\"text-align: justify\">Advirti\u00f3 tambi\u00e9n &#8220;la tentaci\u00f3n de supervivencia nos hace olvidar la gracia, nos convierte en profesionales de lo sagrado pero no padres, madres o hermanos de la esperanza que hemos sido llamados a profetizar&#8221;.<\/p>\n<p style=\"text-align: justify\">Al concluir la celebraci\u00f3n, el cardenal Joao de Aviz, prefecto de la Congregaci\u00f3n de la Vida Consagrada y Sociedades de vida apost\u00f3lica, se\u00f1al\u00f3 que al renovar los votos religiosos, se reproponen ese primer s\u00ed dado a Jes\u00fas. La misa concluy\u00f3 con el canto de la <em>Salve Regina,\u00a0<\/em>y al salir inciens\u00f3 el pesebre ubicado en el ingreso de la bas\u00edlica.<\/p>\n<p><span class=\"et_bloom_bottom_trigger\"><\/span><\/p>\n<p><a href=\"https:\/\/es.zenit.org\/\" target=\"_blank\" rel=\"nofollow\">Fuente: es.zenit.org<\/a><\/p>\n","protected":false},"excerpt":{"rendered":"<p>(ZENIT &#8211; Ciudad del Vaticano).- En la festividad de la Presentaci\u00f3n del Se\u00f1or, y en la XXI Jornada Mundial de la Vida Consagrada, el papa Francisco presidi\u00f3 en la bas\u00edlica vaticana de San Pedro la santa misa. El Santo Padre vistiendo paramentos blancos y portando el palio, celebr\u00f3 junto a sacerdotes de \u00f3rdenes, congregaciones e &hellip; <a href=\"https:\/\/www.biblia.work\/noticias\/el-papa-celebra-la-misa-por-la-jornada-de-la-vida-consagrada\/\" class=\"more-link\">Continuar leyendo<span class=\"screen-reader-text\"> \u00abEl Papa celebra la misa por la Jornada de la Vida Consagrada\u00bb<\/span><\/a><\/p>\n","protected":false},"author":1,"featured_media":0,"comment_status":"open","ping_status":"closed","sticky":false,"template":"","format":"standard","meta":{"footnotes":""},"categories":[1],"tags":[],"class_list":["post-11526","post","type-post","status-publish","format-standard","hentry","category-general"],"_links":{"self":[{"href":"https:\/\/www.biblia.work\/noticias\/wp-json\/wp\/v2\/posts\/11526","targetHints":{"allow":["GET"]}}],"collection":[{"href":"https:\/\/www.biblia.work\/noticias\/wp-json\/wp\/v2\/posts"}],"about":[{"href":"https:\/\/www.biblia.work\/noticias\/wp-json\/wp\/v2\/types\/post"}],"author":[{"embeddable":true,"href":"https:\/\/www.biblia.work\/noticias\/wp-json\/wp\/v2\/users\/1"}],"replies":[{"embeddable":true,"href":"https:\/\/www.biblia.work\/noticias\/wp-json\/wp\/v2\/comments?post=11526"}],"version-history":[{"count":0,"href":"https:\/\/www.biblia.work\/noticias\/wp-json\/wp\/v2\/posts\/11526\/revisions"}],"wp:attachment":[{"href":"https:\/\/www.biblia.work\/noticias\/wp-json\/wp\/v2\/media?parent=11526"}],"wp:term":[{"taxonomy":"category","embeddable":true,"href":"https:\/\/www.biblia.work\/noticias\/wp-json\/wp\/v2\/categories?post=11526"},{"taxonomy":"post_tag","embeddable":true,"href":"https:\/\/www.biblia.work\/noticias\/wp-json\/wp\/v2\/tags?post=11526"}],"curies":[{"name":"wp","href":"https:\/\/api.w.org\/{rel}","templated":true}]}}