{"id":11546,"date":"2017-02-03T09:15:02","date_gmt":"2017-02-03T14:15:02","guid":{"rendered":"http:\/\/www.biblia.work\/noticias\/el-papa-escribe-a-la-cumbre-mundial-de-los-premios-nobel-de-la-paz\/"},"modified":"2017-02-03T09:15:02","modified_gmt":"2017-02-03T14:15:02","slug":"el-papa-escribe-a-la-cumbre-mundial-de-los-premios-nobel-de-la-paz","status":"publish","type":"post","link":"https:\/\/www.biblia.work\/noticias\/el-papa-escribe-a-la-cumbre-mundial-de-los-premios-nobel-de-la-paz\/","title":{"rendered":"El Papa escribe a la Cumbre Mundial de los Premios Nobel de la Paz"},"content":{"rendered":"<p style=\"text-align: justify\"><span style=\"font-weight: 400\">(ZENIT &#8211; Ciudad del Vaticano).- \u201cLos esfuerzos realizados en Colombia para construir puentes de paz y reconciliaci\u00f3n puedan inspirar a todas las comunidades a superar las hostilidades y las divisiones\u201d. Este es el deseo del papa Francisco, informa Radio Vaticano, expresado en un mensaje firmado por el Secretario de Estado, el cardenal Pietro Parolin y enviado la Cumbre Mundial de los Premios Nobel de la Paz. El encuentro se est\u00e1 celebrando en Bogot\u00e1 bajo el tema \u201cPaz y reconciliaci\u00f3n\u201d. <\/span><\/p>\n<p style=\"text-align: justify\"><span style=\"font-weight: 400\">Cuando las v\u00edctimas de la violencia son capaces de resistir a la tentaci\u00f3n de la venganza &#8211;indica el Pont\u00edfice&#8211; se convierten en promotores m\u00e1s cre\u00edbles de la no violencia y de la construcci\u00f3n de la paz. &#8220;<\/span><span style=\"font-weight: 400\">El Papa, se lee en el mensaje, alienta los esfuerzos realizados para \u201cpromover el conocimiento y el di\u00e1logo entre las personas\u201d. <\/span><\/p>\n<p style=\"text-align: justify\"><span style=\"font-weight: 400\">Para finalizar, Francisco pide que la no violencia \u201cse pueda convertir en el estilo caracter\u00edstico de nuestras decisiones, nuestras relaciones, nuestras acciones, de la pol\u00edticas en todas sus formas\u201d. <\/span><\/p>\n<p><span class=\"et_bloom_bottom_trigger\"><\/span><\/p>\n<p><a href=\"https:\/\/es.zenit.org\/\" target=\"_blank\" rel=\"nofollow\">Fuente: es.zenit.org<\/a><\/p>\n","protected":false},"excerpt":{"rendered":"<p>(ZENIT &#8211; Ciudad del Vaticano).- \u201cLos esfuerzos realizados en Colombia para construir puentes de paz y reconciliaci\u00f3n puedan inspirar a todas las comunidades a superar las hostilidades y las divisiones\u201d. Este es el deseo del papa Francisco, informa Radio Vaticano, expresado en un mensaje firmado por el Secretario de Estado, el cardenal Pietro Parolin y &hellip; <a href=\"https:\/\/www.biblia.work\/noticias\/el-papa-escribe-a-la-cumbre-mundial-de-los-premios-nobel-de-la-paz\/\" class=\"more-link\">Continuar leyendo<span class=\"screen-reader-text\"> \u00abEl Papa escribe a la Cumbre Mundial de los Premios Nobel de la Paz\u00bb<\/span><\/a><\/p>\n","protected":false},"author":1,"featured_media":0,"comment_status":"open","ping_status":"closed","sticky":false,"template":"","format":"standard","meta":{"footnotes":""},"categories":[1],"tags":[],"class_list":["post-11546","post","type-post","status-publish","format-standard","hentry","category-general"],"_links":{"self":[{"href":"https:\/\/www.biblia.work\/noticias\/wp-json\/wp\/v2\/posts\/11546","targetHints":{"allow":["GET"]}}],"collection":[{"href":"https:\/\/www.biblia.work\/noticias\/wp-json\/wp\/v2\/posts"}],"about":[{"href":"https:\/\/www.biblia.work\/noticias\/wp-json\/wp\/v2\/types\/post"}],"author":[{"embeddable":true,"href":"https:\/\/www.biblia.work\/noticias\/wp-json\/wp\/v2\/users\/1"}],"replies":[{"embeddable":true,"href":"https:\/\/www.biblia.work\/noticias\/wp-json\/wp\/v2\/comments?post=11546"}],"version-history":[{"count":0,"href":"https:\/\/www.biblia.work\/noticias\/wp-json\/wp\/v2\/posts\/11546\/revisions"}],"wp:attachment":[{"href":"https:\/\/www.biblia.work\/noticias\/wp-json\/wp\/v2\/media?parent=11546"}],"wp:term":[{"taxonomy":"category","embeddable":true,"href":"https:\/\/www.biblia.work\/noticias\/wp-json\/wp\/v2\/categories?post=11546"},{"taxonomy":"post_tag","embeddable":true,"href":"https:\/\/www.biblia.work\/noticias\/wp-json\/wp\/v2\/tags?post=11546"}],"curies":[{"name":"wp","href":"https:\/\/api.w.org\/{rel}","templated":true}]}}