{"id":12139,"date":"2017-02-23T07:15:03","date_gmt":"2017-02-23T12:15:03","guid":{"rendered":"http:\/\/www.biblia.work\/noticias\/francisco-agradece-una-nueva-edicion-de-la-torah-realizada-por-un-grupo-interconfesional\/"},"modified":"2017-02-23T07:15:03","modified_gmt":"2017-02-23T12:15:03","slug":"francisco-agradece-una-nueva-edicion-de-la-torah-realizada-por-un-grupo-interconfesional","status":"publish","type":"post","link":"https:\/\/www.biblia.work\/noticias\/francisco-agradece-una-nueva-edicion-de-la-torah-realizada-por-un-grupo-interconfesional\/","title":{"rendered":"Francisco agradece una nueva edici\u00f3n de la Torah realizada por un grupo interconfesional"},"content":{"rendered":"<p style=\"text-align: justify\">(ZENIT- Ciudad del Vaticano).- El papa Francisco agradeci\u00f3 este jueves 23 de febrero de 2017 en el Vaticano, una nueva edici\u00f3n de la Torah que le presentaron, realizada por un grupo interconfesional, \u00a0y asegur\u00f3 que se trat\u00f3 de una labor \u201cen sinton\u00eda con el mensaje\u201d de este libro.<\/p>\n<p style=\"text-align: justify\">La Torah contiene el Pentateuco: G\u00e9nesi, \u00c9xodo, Lev\u00edtico, N\u00fameros y Deuteronomio y gran cantidad de partes del Antiguo Testamento. Es el libro de referencia central de la tradici\u00f3n religiosa jud\u00eda. El Rabino Abraham Skorka, en declaraciones a &#8216;Enlace Jud\u00edo&#8217; se\u00f1al\u00f3 que\u00a0&#8220;se trata de una edici\u00f3n muy limitada de apenas 126 ejemplares\u201d, y a\u00f1adi\u00f3\u00a0que la intenci\u00f3n es que la Biblia sea una fuente para el di\u00e1logo interconfesional.<\/p>\n<p style=\"text-align: justify\">El rabino Skorka precis\u00f3\u00a0que los editores reunieron alrededor del proyecto a una serie de personalidades de los mundos religioso y art\u00edstico, como Adolfo Roitman, quien es el curador de los Rollos del Mar Muerto, y Sergio Pagano, quien es director del Archivo Secreto Vaticano, adem\u00e1s del Rabino Abraham Skorka, director del Seminario Rab\u00ednico Latinoamericano.<\/p>\n<p style=\"text-align: justify\">As\u00ed en la Sala Clementina del Vaticano, el Santo Padre agradeci\u00f3 las palabras del rabino Abraham Skorka, a quien conoc\u00eda en Buenos Aires y con quien tiene una estrecha amistad, como a todos los que trabajaron en la obra porque nos hicieron encontrar \u201centorno a la Torah, o sea al don del Se\u00f1or, a su revelaci\u00f3n, a su palabra\u201d, que san Juan Pablo II defini\u00f3 como \u201cla ense\u00f1anza del Dios vivo\u201d que se vuelve alianza.<\/p>\n<p style=\"text-align: justify\">El Pont\u00edfice se\u00f1al\u00f3 que \u201cen medio de tantas palabras humanas que lamentablemente nos empujan a la divisi\u00f3n y a la competici\u00f3n, estas palabras divinas de alianza nos abren a todos nosotros caminos de bien que debemos recorrer juntos\u201d.<\/p>\n<p style=\"text-align: justify\">En este sentido indic\u00f3 que la nueva publicaci\u00f3n \u201ces fruto de una &#8216;alianza&#8217; entre personas de diferentes nacionalidades, edades, confesiones religiosas, que han sabido trabajar juntas\u201d.<\/p>\n<p style=\"text-align: justify\">Y si bien el di\u00e1logo fraterno entre jud\u00edos y cristianos se ha consolidado y es eficaz, \u201ceste don de hoy se inserta plenamente en tal di\u00e1logo, que no se expresa a trav\u00e9s de las palabras, sino tambi\u00e9n en los gestos&#8221;.<\/p>\n<p style=\"text-align: justify\">Francisco subray\u00f3 tambi\u00e9n que en esta edici\u00f3n han trabajado importantes personalidades religiosas, con \u201cespecial atenci\u00f3n en la dimensi\u00f3n literaria del texto\u201d, si bien \u201ccada edici\u00f3n de las Sagradas Escrituras contenga un valor espiritual que supera infinitamente al material\u201d.<\/p>\n<p><span class=\"et_bloom_bottom_trigger\"><\/span><\/p>\n<p><a href=\"https:\/\/es.zenit.org\/\" target=\"_blank\" rel=\"nofollow\">Fuente: es.zenit.org<\/a><\/p>\n","protected":false},"excerpt":{"rendered":"<p>(ZENIT- Ciudad del Vaticano).- El papa Francisco agradeci\u00f3 este jueves 23 de febrero de 2017 en el Vaticano, una nueva edici\u00f3n de la Torah que le presentaron, realizada por un grupo interconfesional, \u00a0y asegur\u00f3 que se trat\u00f3 de una labor \u201cen sinton\u00eda con el mensaje\u201d de este libro. La Torah contiene el Pentateuco: G\u00e9nesi, \u00c9xodo, &hellip; <a href=\"https:\/\/www.biblia.work\/noticias\/francisco-agradece-una-nueva-edicion-de-la-torah-realizada-por-un-grupo-interconfesional\/\" class=\"more-link\">Continuar leyendo<span class=\"screen-reader-text\"> \u00abFrancisco agradece una nueva edici\u00f3n de la Torah realizada por un grupo interconfesional\u00bb<\/span><\/a><\/p>\n","protected":false},"author":1,"featured_media":0,"comment_status":"open","ping_status":"closed","sticky":false,"template":"","format":"standard","meta":{"footnotes":""},"categories":[1],"tags":[],"class_list":["post-12139","post","type-post","status-publish","format-standard","hentry","category-general"],"_links":{"self":[{"href":"https:\/\/www.biblia.work\/noticias\/wp-json\/wp\/v2\/posts\/12139","targetHints":{"allow":["GET"]}}],"collection":[{"href":"https:\/\/www.biblia.work\/noticias\/wp-json\/wp\/v2\/posts"}],"about":[{"href":"https:\/\/www.biblia.work\/noticias\/wp-json\/wp\/v2\/types\/post"}],"author":[{"embeddable":true,"href":"https:\/\/www.biblia.work\/noticias\/wp-json\/wp\/v2\/users\/1"}],"replies":[{"embeddable":true,"href":"https:\/\/www.biblia.work\/noticias\/wp-json\/wp\/v2\/comments?post=12139"}],"version-history":[{"count":0,"href":"https:\/\/www.biblia.work\/noticias\/wp-json\/wp\/v2\/posts\/12139\/revisions"}],"wp:attachment":[{"href":"https:\/\/www.biblia.work\/noticias\/wp-json\/wp\/v2\/media?parent=12139"}],"wp:term":[{"taxonomy":"category","embeddable":true,"href":"https:\/\/www.biblia.work\/noticias\/wp-json\/wp\/v2\/categories?post=12139"},{"taxonomy":"post_tag","embeddable":true,"href":"https:\/\/www.biblia.work\/noticias\/wp-json\/wp\/v2\/tags?post=12139"}],"curies":[{"name":"wp","href":"https:\/\/api.w.org\/{rel}","templated":true}]}}