{"id":12141,"date":"2017-02-23T08:15:02","date_gmt":"2017-02-23T13:15:02","guid":{"rendered":"http:\/\/www.biblia.work\/noticias\/el-papa-en-sta-marta-nunca-ser-cristianos-de-doble-vida\/"},"modified":"2017-02-23T08:15:02","modified_gmt":"2017-02-23T13:15:02","slug":"el-papa-en-sta-marta-nunca-ser-cristianos-de-doble-vida","status":"publish","type":"post","link":"https:\/\/www.biblia.work\/noticias\/el-papa-en-sta-marta-nunca-ser-cristianos-de-doble-vida\/","title":{"rendered":"El Papa en Sta. Marta: Nunca ser cristianos de doble vida"},"content":{"rendered":"<p style=\"text-align: justify\">(ZENIT- Ciudad del Vaticano, 23 Feb. 2017).- Arrancarse el ojo, cortarse la mano, pero nunca escandalizar a los peque\u00f1os. Este es el mensaje del Evangelio de este jueves, comentado por el papa Francisco en la misa de la Casa\u00a0Santa Marta en el Vaticano.<\/p>\n<p style=\"text-align: justify\">\u00bfQu\u00e9 es el esc\u00e1ndalo? El esc\u00e1ndalo es decir una cosa y hacer otra; es la doble vida, la doble vida. Yo soy muy cat\u00f3lico, yo voy siempre a Misa, pertenezco a esta asociaci\u00f3n y a esta otra; pero mi vida no es cristiana, no pago lo justo a mis empleados, exploto a la gente, soy sucio en los negocios, hago blanqueo de dinero\u2026 doble vida\u201d. Y a\u00f1adi\u00f3: \u201cTantos cat\u00f3licos son as\u00ed y dan esc\u00e1ndalo. Cu\u00e1ntas veces hemos o\u00eddo todos nosotros, en el barrio y en otras partes: \u2013 \u2018Para ser cat\u00f3lico como aquel, es mejor ser ateo\u2019\u201d.<\/p>\n<p style=\"text-align: justify\">\u201cEsto sucede todos los d\u00edas, basta ver el telediario o los peri\u00f3dicos. Hay tantos esc\u00e1ndalos y tambi\u00e9n est\u00e1 la gran publicidad de los esc\u00e1ndalos. Y con los esc\u00e1ndalos se destruye\u201d.<\/p>\n<p style=\"text-align: justify\">El Santo Padre narr\u00f3 de una empresa importante que estaba cercana a la bancarrota con los trabajadores que no recib\u00edan el sueldo, mientras el responsable que se dec\u00eda cat\u00f3lico estaba de vacaciones de invierno en una playa de Oriente Medio. \u201cEstos son los esc\u00e1ndalos\u201d.<\/p>\n<p style=\"text-align: justify\">\u201cJes\u00fas dice en el Evangelio &#8211;se\u00f1ala el Papa&#8211; sobre los que escandalizan sin decir la palabra esc\u00e1ndalo: \u2018T\u00fa llegar\u00e1s al Cielo y llamar\u00e1s a la puerta y:<br \/>\n-\u2018\u00a1Soy yo, Se\u00f1or!\u2019, \u2018S\u00ed, \u00bfno te acuerdas? Yo iba a la iglesia, estaba cerca de ti, pertenec\u00eda a tal asociaci\u00f3n, hago esto\u2026 \u00bfno te acuerdas de todas las ofrendas que hice?\u2019<br \/>\n&#8211; S\u00ed, recuerdo. Las ofrendas, aquellas las recuerdo: todas sucias. Todas robadas a los pobres. No te conozco\u2019. Aquella ser\u00e1 la respuesta de Jes\u00fas a estos escandalosos que tienen doble vida\u201d.<\/p>\n<p style=\"text-align: justify\">El Santo Padre invit\u00f3 adem\u00e1s a no retardar la conversi\u00f3n y no tener una confianza excesiva en la misericordia:\u201cA todos nosotros, a cada uno de nosotros hoy nos har\u00e1 bien pensar si tenemos algo de doble vida\u201d y si \u201cpor debajo hay otra cosa; si hay algo de doble vida, si hay una confianza excesiva\u201d.<\/p>\n<p style=\"text-align: justify\">\u201c&#8217;Me convertir\u00e9, hoy no: ma\u00f1ana\u2019. Pensemos en esto. Y aprovechemos la Palabra del Se\u00f1or y pensemos que el Se\u00f1or en esto es muy duro. El esc\u00e1ndalo destruye\u201d.<\/p>\n<p><span class=\"et_bloom_bottom_trigger\"><\/span><\/p>\n<p><a href=\"https:\/\/es.zenit.org\/\" target=\"_blank\" rel=\"nofollow\">Fuente: es.zenit.org<\/a><\/p>\n","protected":false},"excerpt":{"rendered":"<p>(ZENIT- Ciudad del Vaticano, 23 Feb. 2017).- Arrancarse el ojo, cortarse la mano, pero nunca escandalizar a los peque\u00f1os. Este es el mensaje del Evangelio de este jueves, comentado por el papa Francisco en la misa de la Casa\u00a0Santa Marta en el Vaticano. \u00bfQu\u00e9 es el esc\u00e1ndalo? El esc\u00e1ndalo es decir una cosa y hacer &hellip; <a href=\"https:\/\/www.biblia.work\/noticias\/el-papa-en-sta-marta-nunca-ser-cristianos-de-doble-vida\/\" class=\"more-link\">Continuar leyendo<span class=\"screen-reader-text\"> \u00abEl Papa en Sta. Marta: Nunca ser cristianos de doble vida\u00bb<\/span><\/a><\/p>\n","protected":false},"author":1,"featured_media":0,"comment_status":"open","ping_status":"closed","sticky":false,"template":"","format":"standard","meta":{"footnotes":""},"categories":[1],"tags":[],"class_list":["post-12141","post","type-post","status-publish","format-standard","hentry","category-general"],"_links":{"self":[{"href":"https:\/\/www.biblia.work\/noticias\/wp-json\/wp\/v2\/posts\/12141","targetHints":{"allow":["GET"]}}],"collection":[{"href":"https:\/\/www.biblia.work\/noticias\/wp-json\/wp\/v2\/posts"}],"about":[{"href":"https:\/\/www.biblia.work\/noticias\/wp-json\/wp\/v2\/types\/post"}],"author":[{"embeddable":true,"href":"https:\/\/www.biblia.work\/noticias\/wp-json\/wp\/v2\/users\/1"}],"replies":[{"embeddable":true,"href":"https:\/\/www.biblia.work\/noticias\/wp-json\/wp\/v2\/comments?post=12141"}],"version-history":[{"count":0,"href":"https:\/\/www.biblia.work\/noticias\/wp-json\/wp\/v2\/posts\/12141\/revisions"}],"wp:attachment":[{"href":"https:\/\/www.biblia.work\/noticias\/wp-json\/wp\/v2\/media?parent=12141"}],"wp:term":[{"taxonomy":"category","embeddable":true,"href":"https:\/\/www.biblia.work\/noticias\/wp-json\/wp\/v2\/categories?post=12141"},{"taxonomy":"post_tag","embeddable":true,"href":"https:\/\/www.biblia.work\/noticias\/wp-json\/wp\/v2\/tags?post=12141"}],"curies":[{"name":"wp","href":"https:\/\/api.w.org\/{rel}","templated":true}]}}