{"id":12142,"date":"2017-02-23T08:40:04","date_gmt":"2017-02-23T13:40:04","guid":{"rendered":"http:\/\/www.biblia.work\/noticias\/papa-dialogo-fraterno-entre-judios-y-cristianos-respeto-y-paz-con-el-mensaje-de-la-tora\/"},"modified":"2017-02-23T08:40:04","modified_gmt":"2017-02-23T13:40:04","slug":"papa-dialogo-fraterno-entre-judios-y-cristianos-respeto-y-paz-con-el-mensaje-de-la-tora","status":"publish","type":"post","link":"https:\/\/www.biblia.work\/noticias\/papa-dialogo-fraterno-entre-judios-y-cristianos-respeto-y-paz-con-el-mensaje-de-la-tora\/","title":{"rendered":"Papa: di\u00e1logo fraterno entre jud\u00edos y cristianos, respeto y paz, con el mensaje de la Tor\u00e1"},"content":{"rendered":"<p> <img src='http:\/\/media02.radiovaticana.va\/photo\/2017\/02\/22\/AFP6302524_Thumbnail.jpg' alt='' align='left' hspace='5'> <\/p>\n<p><span><br \/>\n<audio class=\"video-js vjs-default-skin vjs-big-play-button-centered rv-custom-audio\" controls=\"\" id=\"audioItem_9692975\" preload=\"none\"><\/audio><br \/>\n<span class=\"rv-audio-download\"><a href=\"http:\/\/media02.radiovaticana.va\/audio\/audio2\/mp3\/00571171.mp3\" title=\"Download audio\"><img decoding=\"async\" src=\"http:\/\/es.radiovaticana.va\/Modules\/Presentation\/Styles\/images-common\/icons\/download-audio-mp3_off.png\" style=\"height: 30px\" \/><\/a><\/span> <\/span><\/p>\n<p>(RV).- &ldquo;La Secretar&iacute;a de Estado efectuar&aacute; de forma sistem&aacute;tica una actividad de vigilancia encaminada a monitorear las modalidades con las que la imagen del Santo Padre y los emblemas de la Santa Sede son utilizados interviniendo, cuando sea el caso, con los procedimientos oportunos&rdquo;, es cuanto da a conocer este Dicasterio en una Nota de prensa.<\/p>\n<p>En el Comunicado se recuerda que, &ldquo;la Secretar&iacute;a de Estado tiene entre sus tareas la de defender la imagen del Santo Padre para que su mensaje pueda llegar &iacute;ntegro a los fieles y su persona no sea instrumentalizada&rdquo;. Para esos mismos fines, se precisa en la Nota, la Secretar&iacute;a de Estado, defiende los s&iacute;mbolos y los emblemas oficiales de la Santa Sede, mediante los adecuados instrumentos normativos&nbsp; previstos en &aacute;mbito internacional. &ldquo;Para que esta actividad de defensa sea cada vez m&aacute;s eficaz, con respecto a los fines indicados y para interrumpir situaciones de ilegalidad eventualmente descubiertas &ndash; se se&ntilde;ala en el Comunicado &ndash; la Secretar&iacute;a de Estado efectuar&aacute; de forma sistem&aacute;tica una actividad de vigilancia encaminada a monitorear las modalidades con las que la imagen del Santo Padre y los emblemas de la Santa Sede son utilizados interviniendo, cuando sea el caso, con los procedimientos oportunos&rdquo;.<\/p>\n<p>As&iacute; mismo, la Direcci&oacute;n de la Oficina de Prensa de la Santa Sede, aclar&oacute; que el Comunicado de la Secretaria de Estado, &ldquo;no tiene su origen&rdquo; en alg&uacute;n hecho reciente, sino, &ldquo;hace referencia a una actividad iniciada ya desde hace tiempo, con la intenci&oacute;n de tutelar la imagen del Santo Padre y de los emblemas oficiales con relaci&oacute;n a casos de uso il&iacute;cito y de beneficio con fines de lucro no autorizados&rdquo;.<\/p>\n<p>(Renato Martinez &ndash; Radio Vaticano)<\/p>\n<p><a href=\"http:\/\/es.radiovaticana.va\" target=\"_blank\" rel=\"nofollow\">Fuente: es.radiovaticana.va<\/a><\/p>\n","protected":false},"excerpt":{"rendered":"<p>(RV).- &ldquo;La Secretar&iacute;a de Estado efectuar&aacute; de forma sistem&aacute;tica una actividad de vigilancia encaminada a monitorear las modalidades con las que la imagen del Santo Padre y los emblemas de la Santa Sede son utilizados interviniendo, cuando sea el caso, con los procedimientos oportunos&rdquo;, es cuanto da a conocer este Dicasterio en una Nota de &hellip; <a href=\"https:\/\/www.biblia.work\/noticias\/papa-dialogo-fraterno-entre-judios-y-cristianos-respeto-y-paz-con-el-mensaje-de-la-tora\/\" class=\"more-link\">Continuar leyendo<span class=\"screen-reader-text\"> \u00abPapa: di\u00e1logo fraterno entre jud\u00edos y cristianos, respeto y paz, con el mensaje de la Tor\u00e1\u00bb<\/span><\/a><\/p>\n","protected":false},"author":1,"featured_media":0,"comment_status":"open","ping_status":"closed","sticky":false,"template":"","format":"standard","meta":{"footnotes":""},"categories":[1],"tags":[],"class_list":["post-12142","post","type-post","status-publish","format-standard","hentry","category-general"],"_links":{"self":[{"href":"https:\/\/www.biblia.work\/noticias\/wp-json\/wp\/v2\/posts\/12142","targetHints":{"allow":["GET"]}}],"collection":[{"href":"https:\/\/www.biblia.work\/noticias\/wp-json\/wp\/v2\/posts"}],"about":[{"href":"https:\/\/www.biblia.work\/noticias\/wp-json\/wp\/v2\/types\/post"}],"author":[{"embeddable":true,"href":"https:\/\/www.biblia.work\/noticias\/wp-json\/wp\/v2\/users\/1"}],"replies":[{"embeddable":true,"href":"https:\/\/www.biblia.work\/noticias\/wp-json\/wp\/v2\/comments?post=12142"}],"version-history":[{"count":0,"href":"https:\/\/www.biblia.work\/noticias\/wp-json\/wp\/v2\/posts\/12142\/revisions"}],"wp:attachment":[{"href":"https:\/\/www.biblia.work\/noticias\/wp-json\/wp\/v2\/media?parent=12142"}],"wp:term":[{"taxonomy":"category","embeddable":true,"href":"https:\/\/www.biblia.work\/noticias\/wp-json\/wp\/v2\/categories?post=12142"},{"taxonomy":"post_tag","embeddable":true,"href":"https:\/\/www.biblia.work\/noticias\/wp-json\/wp\/v2\/tags?post=12142"}],"curies":[{"name":"wp","href":"https:\/\/api.w.org\/{rel}","templated":true}]}}