{"id":12148,"date":"2017-02-23T12:15:02","date_gmt":"2017-02-23T17:15:02","guid":{"rendered":"http:\/\/www.biblia.work\/noticias\/el-vaticano-adquiere-para-los-pobres-productos-de-las-zonas-del-terremoto-en-italia\/"},"modified":"2017-02-23T12:15:02","modified_gmt":"2017-02-23T17:15:02","slug":"el-vaticano-adquiere-para-los-pobres-productos-de-las-zonas-del-terremoto-en-italia","status":"publish","type":"post","link":"https:\/\/www.biblia.work\/noticias\/el-vaticano-adquiere-para-los-pobres-productos-de-las-zonas-del-terremoto-en-italia\/","title":{"rendered":"El Vaticano adquiere para los pobres productos de las zonas del terremoto en Italia"},"content":{"rendered":"<p style=\"text-align: justify\">(ZENIT &#8211; Ciudad del Vaticano).- La Limosner\u00eda Apost\u00f3lica lleg\u00f3 hasta las zonas de Italia central afectadas por el reciente terremoto para adquirir de los peque\u00f1os revendedores, fuertemente en dificultad a causa del movimiento tel\u00farico, productos alimenticios t\u00edpicos de las \u00e1reas afectadas.<\/p>\n<p style=\"text-align: justify\">La iniciativa parti\u00f3 del papa Francisco, quien visit\u00f3 el 4 de octubre de 2016 a\u00a0las poblaciones golpeadas por el terremoto del 24 de agosto del mismo a\u00f1o en el centro de Italia, donde murieron casi 300\u00a0personas.\u00a0El Papa estuvo en la zona roja\u00a0del pueblo de Amatrice, uno de los m\u00e1s golpeados y en otros adyacentes, llevando su solidaridad.<\/p>\n<p style=\"text-align: justify\">La informaci\u00f3n fue dada a conocer este jueves 23 de febrero por\u00a0la Limosner\u00eda apost\u00f3lica, que a nombre del Pont\u00edfice lleva a cabo la caridad con los pobres. Los obispos locales se han permitido localizar a algunos grupos de campesinos, agricultores y productores \u201ccuyas empresas corren el riesgo de\u00a0quebrar a causa de los da\u00f1os provocados con el terremoto\u201d.<\/p>\n<p style=\"text-align: justify\">Por ello la\u00a0Limosner\u00eda Apost\u00f3lica ha comprado una gran cantidad de sus productos \u201ccon la intenci\u00f3n, expresada por el Santo Padre, de ayudarlos y estimularlos a continuar con sus actividades\u201d. \u00a0Un gesto conforme con el magisterio del Papa Francisco que a menudo ha recordado que \u201ccuando no se gana el pan, se pierde la dignidad\u201d.<\/p>\n<p style=\"text-align: justify\">Todos los productos adquiridos &#8211;concluye el comunicado&#8211; han sido \u201cinmediatamente distribuidos a diversos comedores caritativos de la ciudad de Roma\u201d para la preparaci\u00f3n de las comidas ofrecidas cotidianamente a las personas necesitadas y sin techo.<\/p>\n<p><span class=\"et_bloom_bottom_trigger\"><\/span><\/p>\n<p><a href=\"https:\/\/es.zenit.org\/\" target=\"_blank\" rel=\"nofollow\">Fuente: es.zenit.org<\/a><\/p>\n","protected":false},"excerpt":{"rendered":"<p>(ZENIT &#8211; Ciudad del Vaticano).- La Limosner\u00eda Apost\u00f3lica lleg\u00f3 hasta las zonas de Italia central afectadas por el reciente terremoto para adquirir de los peque\u00f1os revendedores, fuertemente en dificultad a causa del movimiento tel\u00farico, productos alimenticios t\u00edpicos de las \u00e1reas afectadas. La iniciativa parti\u00f3 del papa Francisco, quien visit\u00f3 el 4 de octubre de 2016 &hellip; <a href=\"https:\/\/www.biblia.work\/noticias\/el-vaticano-adquiere-para-los-pobres-productos-de-las-zonas-del-terremoto-en-italia\/\" class=\"more-link\">Continuar leyendo<span class=\"screen-reader-text\"> \u00abEl Vaticano adquiere para los pobres productos de las zonas del terremoto en Italia\u00bb<\/span><\/a><\/p>\n","protected":false},"author":1,"featured_media":0,"comment_status":"open","ping_status":"closed","sticky":false,"template":"","format":"standard","meta":{"footnotes":""},"categories":[1],"tags":[],"class_list":["post-12148","post","type-post","status-publish","format-standard","hentry","category-general"],"_links":{"self":[{"href":"https:\/\/www.biblia.work\/noticias\/wp-json\/wp\/v2\/posts\/12148","targetHints":{"allow":["GET"]}}],"collection":[{"href":"https:\/\/www.biblia.work\/noticias\/wp-json\/wp\/v2\/posts"}],"about":[{"href":"https:\/\/www.biblia.work\/noticias\/wp-json\/wp\/v2\/types\/post"}],"author":[{"embeddable":true,"href":"https:\/\/www.biblia.work\/noticias\/wp-json\/wp\/v2\/users\/1"}],"replies":[{"embeddable":true,"href":"https:\/\/www.biblia.work\/noticias\/wp-json\/wp\/v2\/comments?post=12148"}],"version-history":[{"count":0,"href":"https:\/\/www.biblia.work\/noticias\/wp-json\/wp\/v2\/posts\/12148\/revisions"}],"wp:attachment":[{"href":"https:\/\/www.biblia.work\/noticias\/wp-json\/wp\/v2\/media?parent=12148"}],"wp:term":[{"taxonomy":"category","embeddable":true,"href":"https:\/\/www.biblia.work\/noticias\/wp-json\/wp\/v2\/categories?post=12148"},{"taxonomy":"post_tag","embeddable":true,"href":"https:\/\/www.biblia.work\/noticias\/wp-json\/wp\/v2\/tags?post=12148"}],"curies":[{"name":"wp","href":"https:\/\/api.w.org\/{rel}","templated":true}]}}