{"id":12151,"date":"2017-02-23T13:15:02","date_gmt":"2017-02-23T18:15:02","guid":{"rendered":"http:\/\/www.biblia.work\/noticias\/academia-de-las-ciencias-abogan-por-el-acceso-universal-al-agua-y-las-energias-renovables\/"},"modified":"2017-02-23T13:15:02","modified_gmt":"2017-02-23T18:15:02","slug":"academia-de-las-ciencias-abogan-por-el-acceso-universal-al-agua-y-las-energias-renovables","status":"publish","type":"post","link":"https:\/\/www.biblia.work\/noticias\/academia-de-las-ciencias-abogan-por-el-acceso-universal-al-agua-y-las-energias-renovables\/","title":{"rendered":"Academia de las Ciencias: abogan por el acceso universal al agua y las energ\u00edas renovables"},"content":{"rendered":"<p style=\"text-align: justify\">(ZENIT &#8211; Ciudad del Vaticano).- En el primer d\u00eda del encuentro con 95 personalidades de los cinco continentes que se realiza hasta ma\u00f1ana viernes en el Vaticano se abog\u00f3 por el \u201cacceso universal al agua\u201d y su preservaci\u00f3n a trav\u00e9s del cuidado del medio ambiente.<\/p>\n<p style=\"text-align: justify\">El encuentro que se realiza en la Casina de P\u00edo IV, est\u00e1 organizado por la Pontificia Academia de Ciencias y por la C\u00e1tedra del Di\u00e1logo y de la Cultura del Encuentro, y lleva por t\u00edtulo \u201cEl derecho humano al agua: aportes y perspectivas interdisciplinarias sobre la centralidad de las pol\u00edticas p\u00fablicas en la gesti\u00f3n del agua y el saneamiento\u201d.<\/p>\n<p style=\"text-align: justify\">En las disertaciones del encuentro, en el que estuvo presente tambi\u00e9n el cardenal Peter Turkson, el canciller de la Pontificia Academia de Ciencias, Marcelo S\u00e1nchez Sorondo, se\u00f1al\u00f3 que el Papa, en la enc\u00edclica \u2018Laudo Si\u2019, por primera vez en los magisterios de los Papas, destac\u00f3 que el agua es un bien com\u00fan y que las \u201cNaciones Unidas tiene como meta que el agua llegue a todos en el 2030\u201d.<\/p>\n<p style=\"text-align: justify\">Y que el agua es parte fundamental del clima, ya que el calentamiento altera el ciclo del agua. Lament\u00f3 que las Lobbies poderosas que viven del petr\u00f3leo, muchos de ellos cat\u00f3licos pero que est\u00e1n destruyendo el clima no lo quieren hacer, y frenan\u00a0el cambio de las f\u00f3siles hacia las energ\u00edas renovables.<\/p>\n<p style=\"text-align: justify\">Puntualiz\u00f3 tambi\u00e9n que el problema central cuando se critica el capitalismo, porque hay muchos tipos de capitalismos, es que \u201cel capitalismo de hoy funciona con una energ\u00eda que destruye el clima\u201d.<\/p>\n<p style=\"text-align: justify\">Entretanto precis\u00f3 que \u201clo primero que hay que encarar es el problema del clima porque, si no se lo hace, no habr\u00e1 agua para todos en el 2030\u201d.<\/p>\n<p style=\"text-align: justify\">Por su parte, el cardenal brasile\u00f1o Claudio Hummes, subray\u00f3 que \u201cel prop\u00f3sito de este seminario es encontrarnos y dialogar en una forma interdisciplinaria sobre el urgente derecho humano al agua\u201d. Y que este encuentro \u201cse realiza despu\u00e9s de dos eventos hist\u00f3ricos referentes a la crisis clim\u00e1tica y socioambiental: la publicaci\u00f3n de la enc\u00edclica \u2018Laudato Si\u2019, del papa Francisco; y la conferencia de Naciones Unidas COP 21, en Par\u00eds, firmada por 170 pa\u00edses.<\/p>\n<p><span class=\"et_bloom_bottom_trigger\"><\/span><\/p>\n<p><a href=\"https:\/\/es.zenit.org\/\" target=\"_blank\" rel=\"nofollow\">Fuente: es.zenit.org<\/a><\/p>\n","protected":false},"excerpt":{"rendered":"<p>(ZENIT &#8211; Ciudad del Vaticano).- En el primer d\u00eda del encuentro con 95 personalidades de los cinco continentes que se realiza hasta ma\u00f1ana viernes en el Vaticano se abog\u00f3 por el \u201cacceso universal al agua\u201d y su preservaci\u00f3n a trav\u00e9s del cuidado del medio ambiente. El encuentro que se realiza en la Casina de P\u00edo &hellip; <a href=\"https:\/\/www.biblia.work\/noticias\/academia-de-las-ciencias-abogan-por-el-acceso-universal-al-agua-y-las-energias-renovables\/\" class=\"more-link\">Continuar leyendo<span class=\"screen-reader-text\"> \u00abAcademia de las Ciencias: abogan por el acceso universal al agua y las energ\u00edas renovables\u00bb<\/span><\/a><\/p>\n","protected":false},"author":1,"featured_media":0,"comment_status":"open","ping_status":"closed","sticky":false,"template":"","format":"standard","meta":{"footnotes":""},"categories":[1],"tags":[],"class_list":["post-12151","post","type-post","status-publish","format-standard","hentry","category-general"],"_links":{"self":[{"href":"https:\/\/www.biblia.work\/noticias\/wp-json\/wp\/v2\/posts\/12151","targetHints":{"allow":["GET"]}}],"collection":[{"href":"https:\/\/www.biblia.work\/noticias\/wp-json\/wp\/v2\/posts"}],"about":[{"href":"https:\/\/www.biblia.work\/noticias\/wp-json\/wp\/v2\/types\/post"}],"author":[{"embeddable":true,"href":"https:\/\/www.biblia.work\/noticias\/wp-json\/wp\/v2\/users\/1"}],"replies":[{"embeddable":true,"href":"https:\/\/www.biblia.work\/noticias\/wp-json\/wp\/v2\/comments?post=12151"}],"version-history":[{"count":0,"href":"https:\/\/www.biblia.work\/noticias\/wp-json\/wp\/v2\/posts\/12151\/revisions"}],"wp:attachment":[{"href":"https:\/\/www.biblia.work\/noticias\/wp-json\/wp\/v2\/media?parent=12151"}],"wp:term":[{"taxonomy":"category","embeddable":true,"href":"https:\/\/www.biblia.work\/noticias\/wp-json\/wp\/v2\/categories?post=12151"},{"taxonomy":"post_tag","embeddable":true,"href":"https:\/\/www.biblia.work\/noticias\/wp-json\/wp\/v2\/tags?post=12151"}],"curies":[{"name":"wp","href":"https:\/\/api.w.org\/{rel}","templated":true}]}}