{"id":12161,"date":"2017-02-23T19:05:03","date_gmt":"2017-02-24T00:05:03","guid":{"rendered":"http:\/\/www.biblia.work\/noticias\/cardenal-salazar-proteger-a-los-ninos-es-prioridad-de-la-iglesia-catolica\/"},"modified":"2017-02-23T19:05:03","modified_gmt":"2017-02-24T00:05:03","slug":"cardenal-salazar-proteger-a-los-ninos-es-prioridad-de-la-iglesia-catolica","status":"publish","type":"post","link":"https:\/\/www.biblia.work\/noticias\/cardenal-salazar-proteger-a-los-ninos-es-prioridad-de-la-iglesia-catolica\/","title":{"rendered":"Cardenal Salazar: Proteger a los ni\u00f1os es prioridad de la Iglesia Cat\u00f3lica"},"content":{"rendered":"<p> BOGOT\u00c1, 23 Feb. 17 (ACI).-<br \/>\n\t&ldquo;La protecci&oacute;n de las ni&ntilde;as, ni&ntilde;os y adolescentes son una prioridad absoluta para la Iglesia Cat&oacute;lica en Colombia&rdquo;, asegur&oacute; el 23 de febrero el Arzobispo de Bogot&aacute; y Primado de Colombia, Cardenal Rub&eacute;n Salazar.<\/p>\n<p style=\"text-align: justify\">\n\tEn una carta remitida a la Directora Nacional del Instituto de Bienestar Familiar (ICBF), Cristina Plazas Michelsen, el Cardenal Salazar, citando al Papa Francisco, se&ntilde;al&oacute; que la Iglesia &ldquo;llora con amargura el pecado de sus hijos y pide perd&oacute;n&rdquo;.<\/p>\n<p style=\"text-align: justify\">\n\tEl Arzobispo de Bogot&aacute; elogi&oacute; tambi&eacute;n el trabajo realizado por Plazas Michelsen para &ldquo;velar por todos los menores de nuestra naci&oacute;n&rdquo;.<\/p>\n<p style=\"text-align: justify\">\n\tEl Cardenal indic&oacute; tambi&eacute;n que la Iglesia busca &ldquo;asumir clara y lealmente la consigna &lsquo;cero tolerancia&rsquo; ante cualquier caso que sea denunciado ante nuestros delegados de protecci&oacute;n de menores y a tomar todas las medidas para que los responsables sean castigados tanto can&oacute;nica como civilmente&rdquo;.<\/p>\n<p style=\"text-align: justify\">\n\t&ldquo;Si se comprueba el abuso, un sacerdote jam&aacute;s podr&aacute; volver a ejercer su ministerio&rdquo;, dijo.<\/p>\n<p style=\"text-align: justify\">\n\tEl Primado de Colombia subray&oacute; adem&aacute;s que la Iglesia est&aacute; comprometida &ldquo;en renovar todo empe&ntilde;o para que estas atrocidades no vuelvan a suceder entre nosotros&rdquo;.<\/p>\n<p style=\"text-align: justify\">\n\tEn la Arquidi&oacute;cesis de Bogot&aacute;, como en otras circunscripciones eclesi&aacute;sticas de Colombia, los Obispos han establecido oficinas de protecci&oacute;n de menores.<\/p>\n<p style=\"text-align: justify\">\n\tEstas oficinas desarrollan programas de prevenci&oacute;n y proyectos para seminarios, sacerdotes, consagrados, catequistas y docentes de instituciones religiosas.<\/p>\n<p style=\"text-align: justify\">\n\t&ldquo;Todos los que realizan un trabajo con menores de edad reciben la debida capacitaci&oacute;n y se comprometen, por medio de un manual de conducta, a que nuestra labor evangelizadora sea desarrollada con los debidos l&iacute;mites profesionales en las relaciones interpersonales y el atento cuidado a la dignidad de nuestros menores&rdquo;, dijo el Cardenal.<\/p>\n<p style=\"text-align: justify\">\n\tEl Arzobispo de Bogot&aacute; asegur&oacute; adem&aacute;s que la Iglesia dedica &ldquo;una atenci&oacute;n especial&rdquo; a las v&iacute;ctimas de abuso sexual y a sus familias.<\/p>\n<p style=\"text-align: justify\">\n\tRecordando las palabras que les dirigi&oacute; el Papa Francisco a los obispos de todo el mundo, el Cardenal Salazar se&ntilde;al&oacute; que los abusos sexuales &ldquo;nos averg&uuml;enzan, s&iacute;, porque fueron realizados por personas que ten&iacute;an a su cargo el cuidado de estos peque&ntilde;os y han destrozado su dignidad&rdquo;.<\/p>\n<p style=\"text-align: justify\">\n\t&ldquo;Por eso, reconocemos que somos responsables ante sus padres de brindar todas las condiciones posibles para que nuestras instituciones sean un &lsquo;hogar seguro para sus hijos y nietos&rsquo;&rdquo;.<\/p>\n<p style=\"text-align: justify\">\n\t&ldquo;Como Pastor de la Iglesia -indic&oacute;- he podido acompa&ntilde;ar a v&iacute;ctimas de este flagelo, he escuchado a sus familiares, a los que tambi&eacute;n les afecta profundamente la situaci&oacute;n de sus hijos, y por ende tambi&eacute;n son v&iacute;ctimas, y adem&aacute;s he podido visitar las comunidades parroquiales las cuales son v&iacute;ctimas secundarias de estas dolorosas y penosas situaciones&rdquo;.<\/p>\n<p style=\"text-align: justify\">\n\tEl Arzobispo de Bogot&aacute; reiter&oacute; el compromiso de la Iglesia &ldquo;en los procesos de selecci&oacute;n en nuestros seminarios, en los protocolos de protecci&oacute;n, en los debidos procesos can&oacute;nicos y jur&iacute;dicos de los abusadores de menores&rdquo;.<\/p>\n<p style=\"text-align: justify\">\n\tQuienes cometen abusos, se&ntilde;al&oacute;, &ldquo;deben responsabilizarse de sus acciones ante la justicia, y en el compromiso, junto con toda la sociedad colombiana, para que sea erradicado este flagelo&rdquo;.<\/p>\n<p style=\"text-align: justify\">\n\tFinalmente, el Cardenal Salazar expres&oacute; a la Directora Nacional del ICBF que &ldquo;puede seguir contando con un ingente n&uacute;mero de sacerdotes, religiosos, religiosas, catequistas y docentes que en tantas partes de nuestra naci&oacute;n est&aacute;n sirviendo a las ni&ntilde;as, ni&ntilde;os y adolescentes con tanto esmero y cari&ntilde;o en nuestras instituciones cat&oacute;licas, porque est&aacute;n conscientes de que nuestros menores son el futuro de nuestra sociedad colombiana&rdquo;.<\/p>\n<p style=\"text-align: justify\">\n\tTambi&eacute;n te puede interesar:<\/p>\n<p style=\"text-align: justify\">\n\t\tArzobispo de Cali en Colombia responde a acusaciones: &ldquo;&iquest;Defender ped&oacute;filos? &iexcl;Imposible!&rdquo; https:\/\/t.co\/ACt0EFNogA<\/p>\n<p>\t&mdash; ACI Prensa (@aciprensa) 17 de febrero de 2017<\/p>\n","protected":false},"excerpt":{"rendered":"<p>BOGOT\u00c1, 23 Feb. 17 (ACI).- &ldquo;La protecci&oacute;n de las ni&ntilde;as, ni&ntilde;os y adolescentes son una prioridad absoluta para la Iglesia Cat&oacute;lica en Colombia&rdquo;, asegur&oacute; el 23 de febrero el Arzobispo de Bogot&aacute; y Primado de Colombia, Cardenal Rub&eacute;n Salazar. En una carta remitida a la Directora Nacional del Instituto de Bienestar Familiar (ICBF), Cristina Plazas &hellip; <a href=\"https:\/\/www.biblia.work\/noticias\/cardenal-salazar-proteger-a-los-ninos-es-prioridad-de-la-iglesia-catolica\/\" class=\"more-link\">Continuar leyendo<span class=\"screen-reader-text\"> \u00abCardenal Salazar: Proteger a los ni\u00f1os es prioridad de la Iglesia Cat\u00f3lica\u00bb<\/span><\/a><\/p>\n","protected":false},"author":1,"featured_media":0,"comment_status":"open","ping_status":"closed","sticky":false,"template":"","format":"standard","meta":{"footnotes":""},"categories":[1],"tags":[],"class_list":["post-12161","post","type-post","status-publish","format-standard","hentry","category-general"],"_links":{"self":[{"href":"https:\/\/www.biblia.work\/noticias\/wp-json\/wp\/v2\/posts\/12161","targetHints":{"allow":["GET"]}}],"collection":[{"href":"https:\/\/www.biblia.work\/noticias\/wp-json\/wp\/v2\/posts"}],"about":[{"href":"https:\/\/www.biblia.work\/noticias\/wp-json\/wp\/v2\/types\/post"}],"author":[{"embeddable":true,"href":"https:\/\/www.biblia.work\/noticias\/wp-json\/wp\/v2\/users\/1"}],"replies":[{"embeddable":true,"href":"https:\/\/www.biblia.work\/noticias\/wp-json\/wp\/v2\/comments?post=12161"}],"version-history":[{"count":0,"href":"https:\/\/www.biblia.work\/noticias\/wp-json\/wp\/v2\/posts\/12161\/revisions"}],"wp:attachment":[{"href":"https:\/\/www.biblia.work\/noticias\/wp-json\/wp\/v2\/media?parent=12161"}],"wp:term":[{"taxonomy":"category","embeddable":true,"href":"https:\/\/www.biblia.work\/noticias\/wp-json\/wp\/v2\/categories?post=12161"},{"taxonomy":"post_tag","embeddable":true,"href":"https:\/\/www.biblia.work\/noticias\/wp-json\/wp\/v2\/tags?post=12161"}],"curies":[{"name":"wp","href":"https:\/\/api.w.org\/{rel}","templated":true}]}}