{"id":12166,"date":"2017-02-24T03:15:02","date_gmt":"2017-02-24T08:15:02","guid":{"rendered":"http:\/\/www.biblia.work\/noticias\/visita-ad-limina-de-los-obispos-chilenos-segunda-reunion-con-el-papa-y-siete-cardenales\/"},"modified":"2017-02-24T03:15:02","modified_gmt":"2017-02-24T08:15:02","slug":"visita-ad-limina-de-los-obispos-chilenos-segunda-reunion-con-el-papa-y-siete-cardenales","status":"publish","type":"post","link":"https:\/\/www.biblia.work\/noticias\/visita-ad-limina-de-los-obispos-chilenos-segunda-reunion-con-el-papa-y-siete-cardenales\/","title":{"rendered":"Visita \u2018ad limina\u2019 de los obispos chilenos: segunda reuni\u00f3n con el Papa y siete cardenales"},"content":{"rendered":"<p style=\"text-align: justify\">(ZENIT- Ciudad del Vaticano).- Los obispos de Chile en visita ad limina tuvieron este jueves 23 de febrero por la tarde una reuni\u00f3n con el santo padre Francisco, que adem\u00e1s de tres horas de duraci\u00f3n cont\u00f3 con la presencia de siete cardenales y prefectos de dicasterios.<\/p>\n<p style=\"text-align: justify\">El cardenal arzobispo de Santiago Ricardo Ezzati, se\u00f1al\u00f3 que \u201cha sido un di\u00e1logo muy cordial, muy sincero y profundo, con mucha perspectiva de renovaci\u00f3n para la Iglesia universal y tambi\u00e9n para la Iglesia en Am\u00e9rica Latina y Chile en particular\u201d.<\/p>\n<p style=\"text-align: justify\">Desde \u201cuna perspectiva muy elevada\u201d se abordaron temas como el rol de los colegios cat\u00f3licos frente a la reforma de la educaci\u00f3n chilena, los esc\u00e1ndalos en la Iglesia, c\u00f3mo enfrentar la gran disminuci\u00f3n de las vocaciones y los delitos can\u00f3nicos de los sacerdotes.<\/p>\n<p style=\"text-align: justify\">Tambi\u00e9n se abordaron las leyes contrarias al pensamiento cristiano promulgadas o que est\u00e1n en discusi\u00f3n en Chile, como el aborto, los matrimonios igualitarios, el proyecto de identidad de g\u00e9nero.<\/p>\n<p style=\"text-align: justify\">Otro de los temas fue\u00a0la situaci\u00f3n del pueblo mapuche. \u201cUna de las principales indicaciones que nos dej\u00f3 el Santo Padre es tener una sensibilidad muy grande hacia los pueblos originales, para comprenderlos en su identidad y acompa\u00f1arlos en la b\u00fasqueda de su reconocimiento de derechos\u201d, puntualiz\u00f3 el Arzobispo de Santiago.<\/p>\n<p style=\"text-align: justify\">\u201cEsta ha sido la visita m\u00e1s cercana, m\u00e1s sinodal, como le gusta decir al Papa, que he vivido en mi vida de 21 a\u00f1os como obispo\u201d, concluy\u00f3 el cardenal.<\/p>\n<p style=\"text-align: justify\">Por su parte, monse\u00f1or Fernando Ramos, obispo Auxiliar de Santiago se\u00f1al\u00f3 que\u00a0este encuentro fue \u201ccon mucho di\u00e1logo y alegr\u00eda\u201d, Y concluy\u00f3: \u201clo entendemos como una verdadera gracia de Dios\u201d.<\/p>\n<p style=\"text-align: justify\">Monse\u00f1or Jorge Concha, desctac\u00f3 \u201cla importancia que se le dio al discernimiento y a la b\u00fasqueda de la evangelizaci\u00f3n en el presente y en el futuro. Fue una experiencia \u00fanica. Se est\u00e1 inaugurando en la Santa Sede un modo nuevo de realizar las visitas Ad Limina para toda la Iglesia\u201d.<br \/>\nCardenales y monse\u00f1ores de la Santa Sede presentes en la reuni\u00f3n de este jueves<\/p>\n<p style=\"text-align: justify\">&#8211; Cardenal Pietro Parolin:\u00a0Secretario de Estado<br \/>\n&#8211; Cardenal Marc Ouellet:\u00a0Prefecto Dicasterio Obispos y Presidente Pontificia Comisi\u00f3n para Am\u00e9rica Latina<br \/>\n&#8211; Cardenal Gerhard Ludwig Muller:\u00a0Prefecto Dicasterio Doctrina de la Fe<br \/>\n&#8211; Cardenal Kevin Farrell:\u00a0Prefecto Dicasterio Laicos<br \/>\n&#8211; Cardenal Giuseppe Versaldi:\u00a0Prefecto Dicasterio Educacion Cat\u00f3lica<br \/>\n&#8211; Cardenal Beniamino Stella:\u00a0Prefecto Dicasterio Clero<br \/>\n&#8211; Cardenal Joao Braz:\u00a0Prefecto Dicasterio Institutos de Vida Consagrada y Sociedades Apost\u00f3lica<br \/>\n&#8211; Monse\u00f1or Paul Richard Gallagher Gallagher:\u00a0Responsable Relaciones con los Estados<br \/>\n&#8211; Monse\u00f1or Ilson de Jes\u00fas Montanari:\u00a0Secretario Congregaci\u00f3n Obispos<\/p>\n<p><span class=\"et_bloom_bottom_trigger\"><\/span><\/p>\n<p><a href=\"https:\/\/es.zenit.org\/\" target=\"_blank\" rel=\"nofollow\">Fuente: es.zenit.org<\/a><\/p>\n","protected":false},"excerpt":{"rendered":"<p>(ZENIT- Ciudad del Vaticano).- Los obispos de Chile en visita ad limina tuvieron este jueves 23 de febrero por la tarde una reuni\u00f3n con el santo padre Francisco, que adem\u00e1s de tres horas de duraci\u00f3n cont\u00f3 con la presencia de siete cardenales y prefectos de dicasterios. El cardenal arzobispo de Santiago Ricardo Ezzati, se\u00f1al\u00f3 que &hellip; <a href=\"https:\/\/www.biblia.work\/noticias\/visita-ad-limina-de-los-obispos-chilenos-segunda-reunion-con-el-papa-y-siete-cardenales\/\" class=\"more-link\">Continuar leyendo<span class=\"screen-reader-text\"> \u00abVisita \u2018ad limina\u2019 de los obispos chilenos: segunda reuni\u00f3n con el Papa y siete cardenales\u00bb<\/span><\/a><\/p>\n","protected":false},"author":1,"featured_media":0,"comment_status":"open","ping_status":"closed","sticky":false,"template":"","format":"standard","meta":{"footnotes":""},"categories":[1],"tags":[],"class_list":["post-12166","post","type-post","status-publish","format-standard","hentry","category-general"],"_links":{"self":[{"href":"https:\/\/www.biblia.work\/noticias\/wp-json\/wp\/v2\/posts\/12166","targetHints":{"allow":["GET"]}}],"collection":[{"href":"https:\/\/www.biblia.work\/noticias\/wp-json\/wp\/v2\/posts"}],"about":[{"href":"https:\/\/www.biblia.work\/noticias\/wp-json\/wp\/v2\/types\/post"}],"author":[{"embeddable":true,"href":"https:\/\/www.biblia.work\/noticias\/wp-json\/wp\/v2\/users\/1"}],"replies":[{"embeddable":true,"href":"https:\/\/www.biblia.work\/noticias\/wp-json\/wp\/v2\/comments?post=12166"}],"version-history":[{"count":0,"href":"https:\/\/www.biblia.work\/noticias\/wp-json\/wp\/v2\/posts\/12166\/revisions"}],"wp:attachment":[{"href":"https:\/\/www.biblia.work\/noticias\/wp-json\/wp\/v2\/media?parent=12166"}],"wp:term":[{"taxonomy":"category","embeddable":true,"href":"https:\/\/www.biblia.work\/noticias\/wp-json\/wp\/v2\/categories?post=12166"},{"taxonomy":"post_tag","embeddable":true,"href":"https:\/\/www.biblia.work\/noticias\/wp-json\/wp\/v2\/tags?post=12166"}],"curies":[{"name":"wp","href":"https:\/\/api.w.org\/{rel}","templated":true}]}}