{"id":12180,"date":"2017-02-24T13:15:03","date_gmt":"2017-02-24T18:15:03","guid":{"rendered":"http:\/\/www.biblia.work\/noticias\/francisco-graba-un-video-para-los-sacerdotes-de-frontera-que-combaten-la-droga-en-chile\/"},"modified":"2017-02-24T13:15:03","modified_gmt":"2017-02-24T18:15:03","slug":"francisco-graba-un-video-para-los-sacerdotes-de-frontera-que-combaten-la-droga-en-chile","status":"publish","type":"post","link":"https:\/\/www.biblia.work\/noticias\/francisco-graba-un-video-para-los-sacerdotes-de-frontera-que-combaten-la-droga-en-chile\/","title":{"rendered":"Francisco graba un video para los \u2018sacerdotes de frontera\u2019 que combaten la droga en Chile"},"content":{"rendered":"<p style=\"text-align: justify\">(ZENIT &#8211; Roma).-\u00a0En el marco de la visita <em>Ad Limina<\/em> que realizan los obispos de Chile en el Vaticano, el Papa Francisco envi\u00f3 un video de 30 segundos grabado con celular, alentando a sacerdotes y comunidades parroquiales de Santiago &#8211;que enfrentan contextos de tr\u00e1fico de drogas y violencia&#8211; a \u201cluchar contra las mafias que imponen la droga\u201d.<\/p>\n<p style=\"text-align: justify\">Al\u00a0concluir la segunda reuni\u00f3n que el Santo Padre sostuvo ayer jueves con los obispos de Chile, a la que participaron tambi\u00e9n siete cardenales,\u00a0Mons. Pedro Ossand\u00f3n se anim\u00f3 a pedir un video al \u00a0Santo Padre, que fue grabado con el celular del obispo de San Bernardo, monse\u00f1or Juan Ignacio Gonz\u00e1lez, se\u00f1ala la Web de los obispos de Chile.<\/p>\n<p style=\"text-align: justify\">\u201cMis hermanos sacerdotes &#8211;dijo el Papa&#8211; que trabajan en la frontera de la droga-dependencia y tienen que luchar por prevenir a los chicos, por sacar a los chicos y luchar contra las mafias que imponen la droga&#8221;.<br \/>\n&#8220;Que el Se\u00f1or &#8211;concluy\u00f3 el Pont\u00edfice&#8211; los acompa\u00f1e. A veces pienso que est\u00e1n en el Huerto de los Olivos. No dejen de rezar, que Dios los bendiga\u201d.<\/p>\n<p><span class=\"et_bloom_bottom_trigger\"><\/span><\/p>\n<p><a href=\"https:\/\/es.zenit.org\/\" target=\"_blank\" rel=\"nofollow\">Fuente: es.zenit.org<\/a><\/p>\n","protected":false},"excerpt":{"rendered":"<p>(ZENIT &#8211; Roma).-\u00a0En el marco de la visita Ad Limina que realizan los obispos de Chile en el Vaticano, el Papa Francisco envi\u00f3 un video de 30 segundos grabado con celular, alentando a sacerdotes y comunidades parroquiales de Santiago &#8211;que enfrentan contextos de tr\u00e1fico de drogas y violencia&#8211; a \u201cluchar contra las mafias que imponen &hellip; <a href=\"https:\/\/www.biblia.work\/noticias\/francisco-graba-un-video-para-los-sacerdotes-de-frontera-que-combaten-la-droga-en-chile\/\" class=\"more-link\">Continuar leyendo<span class=\"screen-reader-text\"> \u00abFrancisco graba un video para los \u2018sacerdotes de frontera\u2019 que combaten la droga en Chile\u00bb<\/span><\/a><\/p>\n","protected":false},"author":1,"featured_media":0,"comment_status":"open","ping_status":"closed","sticky":false,"template":"","format":"standard","meta":{"footnotes":""},"categories":[1],"tags":[],"class_list":["post-12180","post","type-post","status-publish","format-standard","hentry","category-general"],"_links":{"self":[{"href":"https:\/\/www.biblia.work\/noticias\/wp-json\/wp\/v2\/posts\/12180","targetHints":{"allow":["GET"]}}],"collection":[{"href":"https:\/\/www.biblia.work\/noticias\/wp-json\/wp\/v2\/posts"}],"about":[{"href":"https:\/\/www.biblia.work\/noticias\/wp-json\/wp\/v2\/types\/post"}],"author":[{"embeddable":true,"href":"https:\/\/www.biblia.work\/noticias\/wp-json\/wp\/v2\/users\/1"}],"replies":[{"embeddable":true,"href":"https:\/\/www.biblia.work\/noticias\/wp-json\/wp\/v2\/comments?post=12180"}],"version-history":[{"count":0,"href":"https:\/\/www.biblia.work\/noticias\/wp-json\/wp\/v2\/posts\/12180\/revisions"}],"wp:attachment":[{"href":"https:\/\/www.biblia.work\/noticias\/wp-json\/wp\/v2\/media?parent=12180"}],"wp:term":[{"taxonomy":"category","embeddable":true,"href":"https:\/\/www.biblia.work\/noticias\/wp-json\/wp\/v2\/categories?post=12180"},{"taxonomy":"post_tag","embeddable":true,"href":"https:\/\/www.biblia.work\/noticias\/wp-json\/wp\/v2\/tags?post=12180"}],"curies":[{"name":"wp","href":"https:\/\/api.w.org\/{rel}","templated":true}]}}