{"id":12196,"date":"2017-02-25T04:40:07","date_gmt":"2017-02-25T09:40:07","guid":{"rendered":"http:\/\/www.biblia.work\/noticias\/con-companerismo-y-espiritu-de-grupo-es-mas-facil-obtener-la-victoria-el-papa-al-villareal-2\/"},"modified":"2017-02-25T04:40:07","modified_gmt":"2017-02-25T09:40:07","slug":"con-companerismo-y-espiritu-de-grupo-es-mas-facil-obtener-la-victoria-el-papa-al-villareal-2","status":"publish","type":"post","link":"https:\/\/www.biblia.work\/noticias\/con-companerismo-y-espiritu-de-grupo-es-mas-facil-obtener-la-victoria-el-papa-al-villareal-2\/","title":{"rendered":"Con compa\u00f1erismo y esp\u00edritu de grupo es m\u00e1s f\u00e1cil obtener la victoria: el Papa al Villareal"},"content":{"rendered":"<p> <img src='http:\/\/media02.radiovaticana.va\/photo\/2017\/02\/21\/RV23457_Thumbnail.jpg' alt='' align='left' hspace='5'> <\/p>\n<p><span><br \/>\n<audio class=\"video-js vjs-default-skin vjs-big-play-button-centered rv-custom-audio\" controls=\"\" id=\"audioItem_9692709\" preload=\"none\"><\/audio><br \/>\n<span class=\"rv-audio-download\"><a href=\"http:\/\/media02.radiovaticana.va\/audio\/audio2\/mp3\/00571164.mp3\" title=\"Download audio\"><img decoding=\"async\" src=\"http:\/\/es.radiovaticana.va\/Modules\/Presentation\/Styles\/images-common\/icons\/download-audio-mp3_off.png\" style=\"height: 30px\" \/><\/a><\/span> <\/span><\/p>\n<p>(RV).- &ldquo;Recuerdo&nbsp;con gratitud los a&ntilde;os de generoso ministerio sacerdotal y episcopal del Cardenal Connell en la Arquidi&oacute;cesis de Dubl&iacute;n, y sus numerosas contribuciones a la Iglesia en Irlanda, especialmente en el campo de los estudios filos&oacute;ficos&rdquo;, con estas palabras el Papa Francisco expresa sus condolencias por la muerte del Cardenal Desmond Connell, Arzobispo em&eacute;rito de esta Arquidi&oacute;cesis.<\/p>\n<p>En el telegrama de p&eacute;same enviado al Arzobispo de Dubl&iacute;n (Irlanda), Diarmuid Martin, el Santo Padre manifiesta &ldquo;su profunda tristeza al recibir la noticia de la muerte del Cardenal Desmond Connell&rdquo;, as&iacute; mismo expresa &ldquo;su m&aacute;s sentido p&eacute;same al clero, los religiosos y los fieles laicos de la Archidi&oacute;cesis&rdquo;.&nbsp;&ldquo;Recuerdo &nbsp;con gratitud &ndash; se&ntilde;ala el Papa &ndash; los a&ntilde;os de generoso ministerio sacerdotal y episcopal del Cardenal Connell en la arquidi&oacute;cesis de Dubl&iacute;n, y sus numerosas contribuciones a la Iglesia en Irlanda, especialmente en el campo de los estudios filos&oacute;ficos y &nbsp;me uno a ustedes &ndash; agrega el Pont&iacute;fice &ndash; para encomendar su alma al amor misericordioso de Dios Todopoderoso. En la segura esperanza de la resurrecci&oacute;n &ndash; concluye el Papa &ndash; imparto de buen grado mi bendici&oacute;n apost&oacute;lica a todos los que lloran al difunto Cardenal, como prenda de consuelo y paz en el Se&ntilde;or Jes&uacute;s&rdquo;.<\/p>\n<p>(Renato Martinez &ndash; Radio Vaticano)<\/p>\n<p><a href=\"http:\/\/es.radiovaticana.va\" target=\"_blank\" rel=\"nofollow\">Fuente: es.radiovaticana.va<\/a><\/p>\n","protected":false},"excerpt":{"rendered":"<p>(RV).- &ldquo;Recuerdo&nbsp;con gratitud los a&ntilde;os de generoso ministerio sacerdotal y episcopal del Cardenal Connell en la Arquidi&oacute;cesis de Dubl&iacute;n, y sus numerosas contribuciones a la Iglesia en Irlanda, especialmente en el campo de los estudios filos&oacute;ficos&rdquo;, con estas palabras el Papa Francisco expresa sus condolencias por la muerte del Cardenal Desmond Connell, Arzobispo em&eacute;rito de &hellip; <a href=\"https:\/\/www.biblia.work\/noticias\/con-companerismo-y-espiritu-de-grupo-es-mas-facil-obtener-la-victoria-el-papa-al-villareal-2\/\" class=\"more-link\">Continuar leyendo<span class=\"screen-reader-text\"> \u00abCon compa\u00f1erismo y esp\u00edritu de grupo es m\u00e1s f\u00e1cil obtener la victoria: el Papa al Villareal\u00bb<\/span><\/a><\/p>\n","protected":false},"author":1,"featured_media":0,"comment_status":"open","ping_status":"closed","sticky":false,"template":"","format":"standard","meta":{"footnotes":""},"categories":[1],"tags":[],"class_list":["post-12196","post","type-post","status-publish","format-standard","hentry","category-general"],"_links":{"self":[{"href":"https:\/\/www.biblia.work\/noticias\/wp-json\/wp\/v2\/posts\/12196","targetHints":{"allow":["GET"]}}],"collection":[{"href":"https:\/\/www.biblia.work\/noticias\/wp-json\/wp\/v2\/posts"}],"about":[{"href":"https:\/\/www.biblia.work\/noticias\/wp-json\/wp\/v2\/types\/post"}],"author":[{"embeddable":true,"href":"https:\/\/www.biblia.work\/noticias\/wp-json\/wp\/v2\/users\/1"}],"replies":[{"embeddable":true,"href":"https:\/\/www.biblia.work\/noticias\/wp-json\/wp\/v2\/comments?post=12196"}],"version-history":[{"count":0,"href":"https:\/\/www.biblia.work\/noticias\/wp-json\/wp\/v2\/posts\/12196\/revisions"}],"wp:attachment":[{"href":"https:\/\/www.biblia.work\/noticias\/wp-json\/wp\/v2\/media?parent=12196"}],"wp:term":[{"taxonomy":"category","embeddable":true,"href":"https:\/\/www.biblia.work\/noticias\/wp-json\/wp\/v2\/categories?post=12196"},{"taxonomy":"post_tag","embeddable":true,"href":"https:\/\/www.biblia.work\/noticias\/wp-json\/wp\/v2\/tags?post=12196"}],"curies":[{"name":"wp","href":"https:\/\/api.w.org\/{rel}","templated":true}]}}