{"id":12200,"date":"2017-02-25T04:40:08","date_gmt":"2017-02-25T09:40:08","guid":{"rendered":"http:\/\/www.biblia.work\/noticias\/tu-eres-pedro-y-sobre-esta-piedra-edificare-mi-iglesia-y-el-poder-de-la-muerte-no-prevalecera-2\/"},"modified":"2017-02-25T04:40:08","modified_gmt":"2017-02-25T09:40:08","slug":"tu-eres-pedro-y-sobre-esta-piedra-edificare-mi-iglesia-y-el-poder-de-la-muerte-no-prevalecera-2","status":"publish","type":"post","link":"https:\/\/www.biblia.work\/noticias\/tu-eres-pedro-y-sobre-esta-piedra-edificare-mi-iglesia-y-el-poder-de-la-muerte-no-prevalecera-2\/","title":{"rendered":"T\u00fa eres Pedro, y sobre esta piedra edificar\u00e9 mi Iglesia, y el poder de la Muerte no prevalecer\u00e1&#8230;"},"content":{"rendered":"<p> <img src='http:\/\/media02.radiovaticana.va\/photo\/2016\/07\/06\/AFP5498116_Thumbnail.jpg' alt='' align='left' hspace='5'> <\/p>\n<p>(RV).- Como cada mi&eacute;rcoles, Radio Vaticana difunde la <a target=\"_blank\" rel=\"nofollow\" href=\"http:\/\/es.radiovaticana.va\/news\/2017\/02\/22\/catequesis_papa_francisco_-_esperanza_creacion_-_22_febrero\/1294153\">catequesis del Papa<\/a> Francisco a trav&eacute;s de nuestra p&aacute;gina web, nuestros programas informativos y las <strong>Redes Sociales<\/strong>.<\/p>\n<p>El mensaje del Obispo de Roma en su Audiencia General, es la publicaci&oacute;n m&aacute;s esperada por nuestros miles de seguidores en Facebook, Twitter y <strong>WhatsApp<\/strong>, quienes tambi&eacute;n desean poder expresar qu&eacute; sienten y c&oacute;mo interpretan las palabras del Santo Padre. Por ello, en <strong>Radio Vaticana<\/strong> dedicamos un espacio al &laquo;di&aacute;logo virtual&raquo; entre la voz de Francisco y la voz de nuestra audiencia, conectada en sinton&iacute;a desde distintas partes del mundo.&nbsp;<\/p>\n<p>&laquo;Esperanza es leer el presente con los ojos de Cristo Resucitado&raquo;, dijo&nbsp;el Sucesor de Pedro continuando con su ciclo catequ&iacute;stico sobre la esperanza cristiana, en la cual &laquo;todos nos reconocemos salvados&raquo;. Escuchemos<strong> la voz de nuestros oyentes<\/strong> en comunicaci&oacute;n con el Santo Padre:<\/p>\n<p><span><br \/>\n<audio class=\"video-js vjs-default-skin vjs-big-play-button-centered rv-custom-audio\" controls=\"\" id=\"audioItem_9694536\" preload=\"none\"><\/audio><br \/>\n<span class=\"rv-audio-download\"><a href=\"http:\/\/media02.radiovaticana.va\/audio\/audio2\/mp3\/00571212.mp3\" title=\"Download audio\"><img decoding=\"async\" src=\"http:\/\/es.radiovaticana.va\/Modules\/Presentation\/Styles\/images-common\/icons\/download-audio-mp3_off.png\" style=\"height: 30px\" \/><\/a><\/span> <\/span>&nbsp;<\/p>\n<p>&laquo;La esperanza de la salvaci&oacute;n radica en la fe que nos han transmitido nuestros mayores. Oremos para que tambi&eacute;n nosotros podamos ser para nuestros descendientes, testigos de la cruz y la Redenci&oacute;n de Cristo&raquo;, &laquo;Basados en el amor que Dios nos tiene no perdamos jam&aacute;s la esperanza&raquo;, &laquo;Debemos cuidar y respetar el mundo que Dios ha creado para la humanidad&raquo;, &laquo;El pecado no viene porque lo quiera Dios sino porque as&iacute; lo permiti&oacute; el hombre&raquo;, son algunos de los mensajes que recibimos de los amigos de la Radio del Papa en la Red.<\/p>\n<p>Agradecemos a todos los que env&iacute;an sus mensajes de <strong>AUDIO<\/strong> a nuestro n&uacute;mero de WhatsApp (0039) 3472250785, compartiendo sus reflexiones, saludos y oraciones. Los animamos a que sigan interactuando con nosotros. &iexcl;Queremos escucharlos!<\/p>\n<p><a target=\"_blank\" rel=\"nofollow\" href=\"http:\/\/es.radiovaticana.va\/news\/vox-populi\/tu-comentario-ayuda\">CLICK<\/a> &#x1f3a7; para escuchar m&aacute;s programas de Interactividad.<\/p>\n<p>(SL-RV)<\/p>\n<p>&nbsp;<\/p>\n<p><a href=\"http:\/\/es.radiovaticana.va\" target=\"_blank\" rel=\"nofollow\">Fuente: es.radiovaticana.va<\/a><\/p>\n","protected":false},"excerpt":{"rendered":"<p>(RV).- Como cada mi&eacute;rcoles, Radio Vaticana difunde la catequesis del Papa Francisco a trav&eacute;s de nuestra p&aacute;gina web, nuestros programas informativos y las Redes Sociales. El mensaje del Obispo de Roma en su Audiencia General, es la publicaci&oacute;n m&aacute;s esperada por nuestros miles de seguidores en Facebook, Twitter y WhatsApp, quienes tambi&eacute;n desean poder expresar &hellip; <a href=\"https:\/\/www.biblia.work\/noticias\/tu-eres-pedro-y-sobre-esta-piedra-edificare-mi-iglesia-y-el-poder-de-la-muerte-no-prevalecera-2\/\" class=\"more-link\">Continuar leyendo<span class=\"screen-reader-text\"> \u00abT\u00fa eres Pedro, y sobre esta piedra edificar\u00e9 mi Iglesia, y el poder de la Muerte no prevalecer\u00e1&#8230;\u00bb<\/span><\/a><\/p>\n","protected":false},"author":1,"featured_media":0,"comment_status":"open","ping_status":"closed","sticky":false,"template":"","format":"standard","meta":{"footnotes":""},"categories":[1],"tags":[],"class_list":["post-12200","post","type-post","status-publish","format-standard","hentry","category-general"],"_links":{"self":[{"href":"https:\/\/www.biblia.work\/noticias\/wp-json\/wp\/v2\/posts\/12200","targetHints":{"allow":["GET"]}}],"collection":[{"href":"https:\/\/www.biblia.work\/noticias\/wp-json\/wp\/v2\/posts"}],"about":[{"href":"https:\/\/www.biblia.work\/noticias\/wp-json\/wp\/v2\/types\/post"}],"author":[{"embeddable":true,"href":"https:\/\/www.biblia.work\/noticias\/wp-json\/wp\/v2\/users\/1"}],"replies":[{"embeddable":true,"href":"https:\/\/www.biblia.work\/noticias\/wp-json\/wp\/v2\/comments?post=12200"}],"version-history":[{"count":0,"href":"https:\/\/www.biblia.work\/noticias\/wp-json\/wp\/v2\/posts\/12200\/revisions"}],"wp:attachment":[{"href":"https:\/\/www.biblia.work\/noticias\/wp-json\/wp\/v2\/media?parent=12200"}],"wp:term":[{"taxonomy":"category","embeddable":true,"href":"https:\/\/www.biblia.work\/noticias\/wp-json\/wp\/v2\/categories?post=12200"},{"taxonomy":"post_tag","embeddable":true,"href":"https:\/\/www.biblia.work\/noticias\/wp-json\/wp\/v2\/tags?post=12200"}],"curies":[{"name":"wp","href":"https:\/\/api.w.org\/{rel}","templated":true}]}}