{"id":12205,"date":"2017-02-25T04:40:09","date_gmt":"2017-02-25T09:40:09","guid":{"rendered":"http:\/\/www.biblia.work\/noticias\/la-creacion-sufre-las-consecuencias-del-pecado-mantengamos-la-esperanza-de-la-salvacion-exhorto-el-papa-3\/"},"modified":"2017-02-25T04:40:09","modified_gmt":"2017-02-25T09:40:09","slug":"la-creacion-sufre-las-consecuencias-del-pecado-mantengamos-la-esperanza-de-la-salvacion-exhorto-el-papa-3","status":"publish","type":"post","link":"https:\/\/www.biblia.work\/noticias\/la-creacion-sufre-las-consecuencias-del-pecado-mantengamos-la-esperanza-de-la-salvacion-exhorto-el-papa-3\/","title":{"rendered":"La creaci\u00f3n sufre las consecuencias del pecado, mantengamos la esperanza de la salvaci\u00f3n, exhort\u00f3 el Papa"},"content":{"rendered":"<p> <img src='http:\/\/media02.radiovaticana.va\/photo\/2016\/05\/24\/EPA2072316_Thumbnail.jpg' alt='' align='left' hspace='5'> <\/p>\n<p><span><br \/>\n<audio class=\"video-js vjs-default-skin vjs-big-play-button-centered rv-custom-audio\" controls=\"\" id=\"audioItem_9677997\" preload=\"none\"><\/audio><br \/>\n<span class=\"rv-audio-download\"><a href=\"http:\/\/media02.radiovaticana.va\/audio\/audio2\/mp3\/00570931.mp3\" title=\"Download audio\"><img decoding=\"async\" src=\"http:\/\/es.radiovaticana.va\/Modules\/Presentation\/Styles\/images-common\/icons\/download-audio-mp3_off.png\" style=\"height: 30px\" \/><\/a><\/span> <\/span><\/p>\n<p>(RV).- El Consejo Pontificio para el Di&aacute;logo Interreligioso informa de que su Presidente, el Cardenal Jean-Louis Tauran, acompa&ntilde;ado por Mons. Miguel &Aacute;ngel Ayuso Guixot y por Mons. Khaled Akasheh, respectivamente Secretario y Jefe de Oficina para el Islam de ese Dicasterio, se desplazar&aacute;n del mi&eacute;rcoles 22&nbsp;al jueves 23 de febrero a El Cairo (Egipto) para participar en el seminario&nbsp;de la Universidad de Al-Azhar, sobre el tema: &ldquo;The role of al-Azhar al-Sharif and of the Vatican in countering the phenomena of fanaticism, extremism and violence in the name of religi&oacute;n&rdquo;. (El papel de al-Azhar al-Sharif y del Vaticano para contrarrestar el fen&oacute;meno del fanatismo, el extremismo y la violencia en nombre de la religi&oacute;n).<\/p>\n<p>El Cardenal presidente encabezar&aacute; la delegaci&oacute;n cat&oacute;lica de la que forma tambi&eacute;n parte Mons. Bruno Musar&ograve;, Nuncio Apost&oacute;lico en Egipto.<\/p>\n<p>Tras el hist&oacute;rico encuentro entre el Papa Francisco con el Gran Im&aacute;n de Al-Azhar, el Prof. Ahmad Al-Tayyib,&nbsp;el&nbsp;23 de mayo de 2016, el Obispo Ayuso Guixot ha ido varias veces a El Cairo para participar en encuentros y reuniones preliminares.<\/p>\n<p>La reuni&oacute;n tendr&aacute; lugar, como otras veces, en v&iacute;speras del 24 de febrero, para recordar la visita de San Juan Pablo II a Al-Azhar en el a&ntilde;o 2000.<\/p>\n<p>(Renato Martinez &ndash; Radio Vaticano)<\/p>\n<p><a href=\"http:\/\/es.radiovaticana.va\" target=\"_blank\" rel=\"nofollow\">Fuente: es.radiovaticana.va<\/a><\/p>\n","protected":false},"excerpt":{"rendered":"<p>(RV).- El Consejo Pontificio para el Di&aacute;logo Interreligioso informa de que su Presidente, el Cardenal Jean-Louis Tauran, acompa&ntilde;ado por Mons. Miguel &Aacute;ngel Ayuso Guixot y por Mons. Khaled Akasheh, respectivamente Secretario y Jefe de Oficina para el Islam de ese Dicasterio, se desplazar&aacute;n del mi&eacute;rcoles 22&nbsp;al jueves 23 de febrero a El Cairo (Egipto) para &hellip; <a href=\"https:\/\/www.biblia.work\/noticias\/la-creacion-sufre-las-consecuencias-del-pecado-mantengamos-la-esperanza-de-la-salvacion-exhorto-el-papa-3\/\" class=\"more-link\">Continuar leyendo<span class=\"screen-reader-text\"> \u00abLa creaci\u00f3n sufre las consecuencias del pecado, mantengamos la esperanza de la salvaci\u00f3n, exhort\u00f3 el Papa\u00bb<\/span><\/a><\/p>\n","protected":false},"author":1,"featured_media":0,"comment_status":"open","ping_status":"closed","sticky":false,"template":"","format":"standard","meta":{"footnotes":""},"categories":[1],"tags":[],"class_list":["post-12205","post","type-post","status-publish","format-standard","hentry","category-general"],"_links":{"self":[{"href":"https:\/\/www.biblia.work\/noticias\/wp-json\/wp\/v2\/posts\/12205","targetHints":{"allow":["GET"]}}],"collection":[{"href":"https:\/\/www.biblia.work\/noticias\/wp-json\/wp\/v2\/posts"}],"about":[{"href":"https:\/\/www.biblia.work\/noticias\/wp-json\/wp\/v2\/types\/post"}],"author":[{"embeddable":true,"href":"https:\/\/www.biblia.work\/noticias\/wp-json\/wp\/v2\/users\/1"}],"replies":[{"embeddable":true,"href":"https:\/\/www.biblia.work\/noticias\/wp-json\/wp\/v2\/comments?post=12205"}],"version-history":[{"count":0,"href":"https:\/\/www.biblia.work\/noticias\/wp-json\/wp\/v2\/posts\/12205\/revisions"}],"wp:attachment":[{"href":"https:\/\/www.biblia.work\/noticias\/wp-json\/wp\/v2\/media?parent=12205"}],"wp:term":[{"taxonomy":"category","embeddable":true,"href":"https:\/\/www.biblia.work\/noticias\/wp-json\/wp\/v2\/categories?post=12205"},{"taxonomy":"post_tag","embeddable":true,"href":"https:\/\/www.biblia.work\/noticias\/wp-json\/wp\/v2\/tags?post=12205"}],"curies":[{"name":"wp","href":"https:\/\/api.w.org\/{rel}","templated":true}]}}