{"id":12212,"date":"2017-02-25T07:15:02","date_gmt":"2017-02-25T12:15:02","guid":{"rendered":"http:\/\/www.biblia.work\/noticias\/francisco-invita-a-los-voluntarios-de-la-dcc-a-recuperar-el-sentido-de-la-palabra-solidaridad\/"},"modified":"2017-02-25T07:15:02","modified_gmt":"2017-02-25T12:15:02","slug":"francisco-invita-a-los-voluntarios-de-la-dcc-a-recuperar-el-sentido-de-la-palabra-solidaridad","status":"publish","type":"post","link":"https:\/\/www.biblia.work\/noticias\/francisco-invita-a-los-voluntarios-de-la-dcc-a-recuperar-el-sentido-de-la-palabra-solidaridad\/","title":{"rendered":"Francisco invita a los voluntarios de la DCC a \u2018recuperar el sentido de la palabra solidaridad\u2019"},"content":{"rendered":"<p style=\"text-align: justify\">(ZENIT- Ciudad del Vaticano).- El desarrollo para ser aut\u00e9ntico debe ser integral por eso es necesario recuperar el sentido de la palabra &#8216;solidaridad&#8217;, fomentando una cultura de la misericordia, basada en el descubrimiento y en el encuentro con los otros.<\/p>\n<p style=\"text-align: justify\">Lo indic\u00f3 el papa Francisco este s\u00e1bado 25 de febrero en el Vaticano, al recibir a la Delegaci\u00f3n cat\u00f3lica para la cooperaci\u00f3n (<em>D\u00e9l\u00e9gation Catholique pour la Coop\u00e9ration<\/em> &#8211; DCC), ente de voluntariado internacional nacido en Francia hace 50 a\u00f1os, en consonancia don la enc\u00edclica &#8216;Populorum Progressio&#8217;.<\/p>\n<p style=\"text-align: justify\">La DCC de la Conferencia episcopal francesa, trabaja en m\u00e1s de 50 pa\u00edses del mundo, varios de ellos en Am\u00e9rica Latina. Ahora una delegaci\u00f3n de ella est\u00e1 en Roma junto a su obispo Mons. Jean-Louis Papin, para \u201cvivir su jubileo en el coraz\u00f3n de la Iglesia universal\u201d.<\/p>\n<p style=\"text-align: justify\">En la Sala de los Papas, en el Palacio Apost\u00f3lico Vaticano, Francisco les agradeci\u00f3 su labor, salud\u00f3 y bendijo a todos los voluntarios y benefactores de la DCC, se\u00f1alando que como indic\u00f3 el beato Pablo VI en la enc\u00edclica <em>Populorum Progressio,<\/em> el desarrollo \u201cpara ser aut\u00e9ntico tiene que ser integral\u201d.<\/p>\n<p style=\"text-align: justify\">\u201cLa palabra &#8216;solidaridad&#8217; un poco se ha arruinado y a veces se la interpreta mal, porque indica mucho m\u00e1s que alg\u00fan acto espor\u00e1dico de generosidad. Pide\u00a0crear una nueva mentalidad que piense en t\u00e9rminos de comunidad, de prioridad de la vida de todos respecto a la apropiaci\u00f3n de bienes por parte de algunos\u201d.<\/p>\n<p style=\"text-align: justify\">\u201cNo tengan miedo &#8211;exhort\u00f3 Francisco&#8211; a recorrer los caminos de la fraternidad y construir puentes entre las personas y los pueblos, en un mundo en el que se levantan a\u00fan tantos muros por miedo de los otros\u201d.<\/p>\n<p style=\"text-align: justify\">El Pont\u00edfice elogi\u00f3 la labor de los voluntarios de la DCC, en colaboraci\u00f3n con las Iglesias, los entes locales y las personas de buena voluntad. Y que \u201ccontribuyendo a una aut\u00e9ntica conversi\u00f3n ecol\u00f3gica, reconoce la inminente dignidad de cada persona\u201d.<\/p>\n<p style=\"text-align: justify\">Les invit\u00f3 as\u00ed a \u201chacer crecer una cultura de la misericordia, basada en el descubrimiento y en el encuentro con los otros. Una cultura en la cual nadie mira con indiferencia, ni para el otro lado, cuando ve el sufrimiento de los hermanos\u201d.<\/p>\n<p style=\"text-align: justify\">Y les record\u00f3 que iniciativas como esta \u201cvuelven visible a la Iglesia pobre con y para los pobres, una Iglesia en salida que se vuelve cercana a las personas en estado de sufrimiento, precariedad, marginaci\u00f3n y exclusi\u00f3n\u201d.<\/p>\n<p style=\"text-align: justify\">Al concluir les invit\u00f3 a estar \u201cal servicio de una Iglesia que permite a cada uno reconocer la sorprendente proximidad de Dios, su ternura y su amor\u201d as\u00ed como a \u201cutilizar nuestros talentos\u201d para \u201cel bien de todos y el cuidado de nuestra casa com\u00fan\u201d,<\/p>\n<p><span class=\"et_bloom_bottom_trigger\"><\/span><\/p>\n<p><a href=\"https:\/\/es.zenit.org\/\" target=\"_blank\" rel=\"nofollow\">Fuente: es.zenit.org<\/a><\/p>\n","protected":false},"excerpt":{"rendered":"<p>(ZENIT- Ciudad del Vaticano).- El desarrollo para ser aut\u00e9ntico debe ser integral por eso es necesario recuperar el sentido de la palabra &#8216;solidaridad&#8217;, fomentando una cultura de la misericordia, basada en el descubrimiento y en el encuentro con los otros. Lo indic\u00f3 el papa Francisco este s\u00e1bado 25 de febrero en el Vaticano, al recibir &hellip; <a href=\"https:\/\/www.biblia.work\/noticias\/francisco-invita-a-los-voluntarios-de-la-dcc-a-recuperar-el-sentido-de-la-palabra-solidaridad\/\" class=\"more-link\">Continuar leyendo<span class=\"screen-reader-text\"> \u00abFrancisco invita a los voluntarios de la DCC a \u2018recuperar el sentido de la palabra solidaridad\u2019\u00bb<\/span><\/a><\/p>\n","protected":false},"author":1,"featured_media":0,"comment_status":"open","ping_status":"closed","sticky":false,"template":"","format":"standard","meta":{"footnotes":""},"categories":[1],"tags":[],"class_list":["post-12212","post","type-post","status-publish","format-standard","hentry","category-general"],"_links":{"self":[{"href":"https:\/\/www.biblia.work\/noticias\/wp-json\/wp\/v2\/posts\/12212","targetHints":{"allow":["GET"]}}],"collection":[{"href":"https:\/\/www.biblia.work\/noticias\/wp-json\/wp\/v2\/posts"}],"about":[{"href":"https:\/\/www.biblia.work\/noticias\/wp-json\/wp\/v2\/types\/post"}],"author":[{"embeddable":true,"href":"https:\/\/www.biblia.work\/noticias\/wp-json\/wp\/v2\/users\/1"}],"replies":[{"embeddable":true,"href":"https:\/\/www.biblia.work\/noticias\/wp-json\/wp\/v2\/comments?post=12212"}],"version-history":[{"count":0,"href":"https:\/\/www.biblia.work\/noticias\/wp-json\/wp\/v2\/posts\/12212\/revisions"}],"wp:attachment":[{"href":"https:\/\/www.biblia.work\/noticias\/wp-json\/wp\/v2\/media?parent=12212"}],"wp:term":[{"taxonomy":"category","embeddable":true,"href":"https:\/\/www.biblia.work\/noticias\/wp-json\/wp\/v2\/categories?post=12212"},{"taxonomy":"post_tag","embeddable":true,"href":"https:\/\/www.biblia.work\/noticias\/wp-json\/wp\/v2\/tags?post=12212"}],"curies":[{"name":"wp","href":"https:\/\/api.w.org\/{rel}","templated":true}]}}