{"id":12215,"date":"2017-02-25T07:40:04","date_gmt":"2017-02-25T12:40:04","guid":{"rendered":"http:\/\/www.biblia.work\/noticias\/el-papa-alento-la-mision-de-los-voluntarios-de-la-delegacion-catolica-para-la-cooperacion-de-los-obispos-de-francia\/"},"modified":"2017-02-25T07:40:04","modified_gmt":"2017-02-25T12:40:04","slug":"el-papa-alento-la-mision-de-los-voluntarios-de-la-delegacion-catolica-para-la-cooperacion-de-los-obispos-de-francia","status":"publish","type":"post","link":"https:\/\/www.biblia.work\/noticias\/el-papa-alento-la-mision-de-los-voluntarios-de-la-delegacion-catolica-para-la-cooperacion-de-los-obispos-de-francia\/","title":{"rendered":"El Papa alent\u00f3 la misi\u00f3n de los voluntarios de la Delegaci\u00f3n Cat\u00f3lica para la Cooperaci\u00f3n, de los Obispos de Francia"},"content":{"rendered":"<p> <img src='http:\/\/media02.radiovaticana.va\/photo\/2017\/02\/24\/ANSA1155159_Thumbnail.jpg' alt='' align='left' hspace='5'> <\/p>\n<p>(RV).-&nbsp;&ldquo;Debemos tomar conciencia del valor del agua para el bien de la humanidad&rdquo;, fue la reflexi&oacute;n central del Papa Francisco dirigida a los participantes del Seminario sobre el <strong>Derecho Humano al Agua<\/strong>, organizado en Roma del 23 al 24 de febrero, por la Pontificia Academia de las Ciencias y la C&aacute;tedra del Di&aacute;logo y la Cultura del Encuentro.<\/p>\n<p>&laquo;Aportes y perspectivas interdisciplinarias sobre la centralidad de las <strong>pol&iacute;ticas p&uacute;blicas<\/strong> en la gesti&oacute;n del agua y el saneamiento&raquo;, fue el eje de las tem&aacute;ticas que se trataron en las diversas ponencias y coloquios.<\/p>\n<p>Este Seminario concluy&oacute; con el encuentro de los participantes y organizadores con el Santo Padre la tarde del 24 de febrero. En un discurso breve pero conciso, el Obispo de Roma hizo especial hincapi&eacute; &nbsp;en que toda persona tiene derecho al acceso al agua potable y segura; ya que &laquo;se trata de un <strong>derecho humano b&aacute;sico<\/strong> y una de las cuestiones nodales en el mundo actual.<\/p>\n<p>&laquo;Es doloroso ver cuando en la Legislaci&oacute;n de un pa&iacute;s o de un grupo de pa&iacute;ses no se considera al agua como un derecho fundamental. Es un problema que afecta a todos y hace que <strong>nuestra casa com&uacute;n<\/strong> sufra tanta miseria y clame por soluciones efectivas, realmente capaces de superar los ego&iacute;smos que impiden la realizaci&oacute;n de este derecho vital para todos les seres humanos&raquo;, afirm&oacute; el Pont&iacute;fice.<\/p>\n<p>El Sucesor de Pedro finaliz&oacute; su intervenci&oacute;n invitando a &laquo;tener siempre presente, las cifras y datos estad&iacute;sticos proporcionados por <strong>Naciones Unidas<\/strong> que reflejan la gravedad de la situaci&oacute;n: cada d&iacute;a mueren mil ni&ntilde;os por enfermedades en relaci&oacute;n con el agua&raquo;.&nbsp;<\/p>\n<p>(SL-RV)<\/p>\n<p><strong>Texto completo de las palabras del Santo Padre<\/strong><\/p>\n<p>Queridos hermanos y hermanas, buenas tardes:<\/p>\n<p>Saludo a todos los presentes y les agradezco su participaci&oacute;n en este Encuentro que aborda la problem&aacute;tica del derecho humano al agua y la exigencia de pol&iacute;ticas p&uacute;blicas que puedan afrontar esta realidad. Es significativo que ustedes se unan para aportar su saber y sus medios con el fin de dar una respuesta a esta necesidad y a esta problem&aacute;tica que vive el hombre de hoy.<\/p>\n<p>Como leemos en el libro del G&eacute;nesis, el agua est&aacute; en el comienzo de todas las cosas (cf. Gn 1,2); es &laquo;criatura &uacute;til, casta y humilde&raquo;, fuente de la vida y de la fecundidad (cf. San Francisco de As&iacute;s, C&aacute;ntico de las Criaturas). Por eso, la cuesti&oacute;n que ustedes tratan no es marginal, sino fundamental y muy urgente. Fundamental, porque donde hay agua hay vida, y entonces puede surgir y avanzar la sociedad. Y es urgente porque nuestra casa com&uacute;n necesita protecci&oacute;n y, adem&aacute;s, asumir que no toda agua es vida: s&oacute;lo el agua segura y de calidad, y siguiendo con la figura de San Francisco&hellip; &ldquo;el agua que sirve con humildad, el agua casta&rdquo;, no contaminada.<\/p>\n<p>Toda persona tiene derecho al acceso al agua potable y segura; este es un derecho humano b&aacute;sico, y una de las cuestiones nodales en el mundo actual (cf. Enc. Laudato si&rsquo;, 30; Enc. Caritas in veritate, 27). Es doloroso ver cuando en la Legislaci&oacute;n de un pa&iacute;s o de un grupo de pa&iacute;ses no se considera al agua como un derecho humano. M&aacute;s doloroso a&uacute;n cuando se quita lo que estaba escrito all&iacute; y se niega este derecho humano. Es un problema que afecta a todos y hace que nuestra casa com&uacute;n sufra tanta miseria y clame por soluciones efectivas, realmente capaces de superar los ego&iacute;smos que impiden la realizaci&oacute;n de este derecho vital para todos les seres humanos.<\/p>\n<p>Es necesario otorgar al agua la centralidad que merece en el marco de las pol&iacute;ticas p&uacute;blicas. Nuestro derecho al agua es tambi&eacute;n un deber con el agua. Del derecho que tenemos a ella se desprende una obligaci&oacute;n que va unida y no puede separarse. Es ineludible anunciar este derecho humano esencial y defenderlo, como se hace, pero tambi&eacute;n actuar de forma concreta, asegurando un compromiso pol&iacute;tico y jur&iacute;dico con el agua.<\/p>\n<p>En este sentido, cada Estado est&aacute; llamado a concretar, tambi&eacute;n con instrumentos jur&iacute;dicos, cuanto indicado por las Resoluciones aprobadas por la Asamblea General de las Naciones Unidas desde 2010 sobre el derecho humano al agua potable y el saneamiento. Por otra parte, cada actor no estatal tiene que cumplir sus responsabilidades hacia este derecho.<\/p>\n<p>El derecho al agua es determinante para la sobrevivencia de las personas (cf. ib&iacute;d, 30) y decide el futuro de la humanidad. Es prioritario tambi&eacute;n educar a las pr&oacute;ximas generaciones sobre la gravedad de esta realidad. La formaci&oacute;n de la conciencia es una tarea ardua; precisa convicci&oacute;n y entrega. Y yo me pregunto si en medio de esta &ldquo;Tercera Guerra Mundial a pedacitos&rdquo; que estamos viviendo, no estamos en camino hacia la Gran Guerra Mundial por el agua. Las cifras que las Naciones Unidas revelan son desgarradoras y no nos pueden dejar indiferentes: cada d&iacute;a mil ni&ntilde;os mueren a causa de enfermedades relacionadas con el agua; millones de personas consumen agua contaminada. Estos datos son muy graves; se debe frenar e invertir esta situaci&oacute;n. No es tarde, pero es urgente tomar conciencia de la necesidad del agua y de su valor esencial para el bien de la humanidad.<\/p>\n<p>El respeto del agua es condici&oacute;n para el ejercicio de los dem&aacute;s derechos humanos (cf. ib&iacute;d., 30). Si acatamos este derecho como fundamental, estaremos poniendo las bases para proteger los dem&aacute;s derechos. Pero si nos saltamos este derecho b&aacute;sico, c&oacute;mo vamos a ser capaces de velar y luchar por los dem&aacute;s. En este compromiso de dar al agua el puesto que le corresponde, hace falta una cultura del cuidado (cfr ibid., 231), parece una cosa po&eacute;tica y bueno&hellip; la Creaci&oacute;n es una &ldquo;poiesis&rdquo;. Y esta cultura del cuidado que es creativa&hellip; y adem&aacute;s fomentar una cultura del encuentro, en la que se unan en una causa com&uacute;n todas las fuerzas necesarias de cient&iacute;ficos y empresarios, gobernantes y pol&iacute;ticos. Es preciso unir todas nuestras voces en una misma causa; ya no ser&aacute;n voces individuales o aisladas, sino el grito del hermano que clama a trav&eacute;s nuestro, es el grito de la tierra que pide el respecto y el compartir responsablemente de un bien, que es de todos. En esta cultura del encuentro, es imprescindible la acci&oacute;n de cada Estado como garante del acceso universal al agua segura y de calidad.<\/p>\n<p>Dios Creador no nos abandona en este trabajo para dar a todos y a cada uno acceso al agua potable y segura. Pero el trabajo es nuestro, la responsabilidad es nuestra. Deseo que este Seminario sea una ocasi&oacute;n propicia para que sus convicciones se vean fortalecidas, y salgan de aqu&iacute; con la certeza de que su trabajo es necesario y prioritario para que otras personas puedan vivir. Es un ideal por el que merece la pena luchar y trabajar. Con nuestro &laquo;poco&raquo; estaremos contribuyendo a que nuestra casa com&uacute;n sea m&aacute;s habitable y m&aacute;s solidaria, m&aacute;s cuidada, donde nadie sea descartado ni excluido, sino que todos gocemos de los bienes necesarios para vivir y crecer en dignidad. Y no olvidemos los datos, las cifras de las Naciones Unidas. No olvidemos que cada d&iacute;a mil ni&ntilde;os, &iexcl;cada d&iacute;a!, mueren por enfermedades en relaci&oacute;n con el agua.<\/p>\n<p>Muchas gracias.<\/p>\n<p><a href=\"http:\/\/es.radiovaticana.va\" target=\"_blank\" rel=\"nofollow\">Fuente: es.radiovaticana.va<\/a><\/p>\n","protected":false},"excerpt":{"rendered":"<p>(RV).-&nbsp;&ldquo;Debemos tomar conciencia del valor del agua para el bien de la humanidad&rdquo;, fue la reflexi&oacute;n central del Papa Francisco dirigida a los participantes del Seminario sobre el Derecho Humano al Agua, organizado en Roma del 23 al 24 de febrero, por la Pontificia Academia de las Ciencias y la C&aacute;tedra del Di&aacute;logo y la &hellip; <a href=\"https:\/\/www.biblia.work\/noticias\/el-papa-alento-la-mision-de-los-voluntarios-de-la-delegacion-catolica-para-la-cooperacion-de-los-obispos-de-francia\/\" class=\"more-link\">Continuar leyendo<span class=\"screen-reader-text\"> \u00abEl Papa alent\u00f3 la misi\u00f3n de los voluntarios de la Delegaci\u00f3n Cat\u00f3lica para la Cooperaci\u00f3n, de los Obispos de Francia\u00bb<\/span><\/a><\/p>\n","protected":false},"author":1,"featured_media":0,"comment_status":"open","ping_status":"closed","sticky":false,"template":"","format":"standard","meta":{"footnotes":""},"categories":[1],"tags":[],"class_list":["post-12215","post","type-post","status-publish","format-standard","hentry","category-general"],"_links":{"self":[{"href":"https:\/\/www.biblia.work\/noticias\/wp-json\/wp\/v2\/posts\/12215","targetHints":{"allow":["GET"]}}],"collection":[{"href":"https:\/\/www.biblia.work\/noticias\/wp-json\/wp\/v2\/posts"}],"about":[{"href":"https:\/\/www.biblia.work\/noticias\/wp-json\/wp\/v2\/types\/post"}],"author":[{"embeddable":true,"href":"https:\/\/www.biblia.work\/noticias\/wp-json\/wp\/v2\/users\/1"}],"replies":[{"embeddable":true,"href":"https:\/\/www.biblia.work\/noticias\/wp-json\/wp\/v2\/comments?post=12215"}],"version-history":[{"count":0,"href":"https:\/\/www.biblia.work\/noticias\/wp-json\/wp\/v2\/posts\/12215\/revisions"}],"wp:attachment":[{"href":"https:\/\/www.biblia.work\/noticias\/wp-json\/wp\/v2\/media?parent=12215"}],"wp:term":[{"taxonomy":"category","embeddable":true,"href":"https:\/\/www.biblia.work\/noticias\/wp-json\/wp\/v2\/categories?post=12215"},{"taxonomy":"post_tag","embeddable":true,"href":"https:\/\/www.biblia.work\/noticias\/wp-json\/wp\/v2\/tags?post=12215"}],"curies":[{"name":"wp","href":"https:\/\/api.w.org\/{rel}","templated":true}]}}