{"id":12323,"date":"2017-03-01T05:15:02","date_gmt":"2017-03-01T10:15:02","guid":{"rendered":"http:\/\/www.biblia.work\/noticias\/inicio-de-la-cuaresma-el-papa-en-la-audiencia-invita-a-vivir-un-camino-de-conversion\/"},"modified":"2017-03-01T05:15:02","modified_gmt":"2017-03-01T10:15:02","slug":"inicio-de-la-cuaresma-el-papa-en-la-audiencia-invita-a-vivir-un-camino-de-conversion","status":"publish","type":"post","link":"https:\/\/www.biblia.work\/noticias\/inicio-de-la-cuaresma-el-papa-en-la-audiencia-invita-a-vivir-un-camino-de-conversion\/","title":{"rendered":"Inicio de la cuaresma: el Papa en la audiencia invita a vivir un camino de conversi\u00f3n"},"content":{"rendered":"<p style=\"text-align: justify\">(ZENIT- Ciudad del Vaticano, 1 marzo 2017).- El papa Francisco invit\u00f3 en este mi\u00e9rcoles de ceniza y comienzo de la cuaresma, a vivir este per\u00edodo como un camino que sea signo sacramental de nuestra conversi\u00f3n.<\/p>\n<p style=\"text-align: justify\">Lo dijo en la catequesis de la audiencia que realiz\u00f3 en la plaza de San Pedro, en este d\u00eda soleado del final del invierno europeo. El Santo Padre al ingresar en el jeep abierto, pas\u00f3 por los corredores donde le aguardaban miles de peregrinos, quienes le han recibido\u00a0saludando, agitando pa\u00f1uelos o banderas. El Pont\u00edfice hizo detener varias veces el veh\u00edculo para bendecir a ni\u00f1os y a enfermos.<\/p>\n<p style=\"text-align: justify\">\u201cHoy, mi\u00e9rcoles de ceniza, los invito a reflexionar sobre la cuaresma como tiempo de esperanza\u201d dijo Francisco en sus palabras en espa\u00f1ol y record\u00f3 que \u201cal igual que el Pueblo de Israel que sufri\u00f3 la esclavitud en Egipto, cada uno de nosotros est\u00e1 llamado a hacer experiencia de liberaci\u00f3n y a caminar por el desierto de la vida para llegar a la tierra prometida\u201d.<\/p>\n<p style=\"text-align: justify\">\u201cJes\u00fas nos abre -prosigui\u00f3 el Pont\u00edfice- el camino al cielo a trav\u00e9s de su pasi\u00f3n, muerte y resurrecci\u00f3n. \u00c9l ha debido humillarse y hacerse obediente hasta la muerte, vertiendo su sangre para librarnos de la esclavitud del pecado\u201d.<\/p>\n<p style=\"text-align: justify\">\u201cEs el beneficio que recibimos de \u00e9l, que debe corresponderse con nuestra acogida libre y sincera. Estamos llamados a seguir el ejemplo de Nuestro Se\u00f1or. \u00c9l venci\u00f3 al tentador y ahora nosotros debemos tambi\u00e9n afrontar la tentaci\u00f3n y superarla. \u00c9l nos dio el agua viva de su Esp\u00edritu y nosotros debemos ir a buscarla a la fuente de los sacramentos y la oraci\u00f3n\u201d, dijo.<\/p>\n<p style=\"text-align: justify\">El Papa asegur\u00f3 que Jes\u00fas \u201ces la luz que vence las tinieblas y nos pide a nosotros alimentar la llama que se nos confi\u00f3 el d\u00eda de nuestro bautismo. De este modo, nuestro camino cuaresmal ser\u00e1 signo sacramental de nuestra conversi\u00f3n\u201d.<\/p>\n<p style=\"text-align: justify\">Al concluir su resumen de la catequesis en espa\u00f1ol, el Santo Padre salud\u00f3 cordialmente a los peregrinos de lengua espa\u00f1ola, \u201cen particular a los grupos provenientes de Espa\u00f1a y Latinoam\u00e9rica. Los exhorto a caminar en esperanza y con empe\u00f1o en este camino de amor, que Dios nos propone\u201d.<\/p>\n<p style=\"text-align: justify\">\u201cQue nuestro esfuerzo &#8211;concluy\u00f3&#8211; forje una esperanza s\u00f3lida, como la de Mar\u00eda, que continu\u00f3 a creer y a esperar incluso cuando se encontraba junto a la cruz de su Hijo. Que Dios los bendiga\u201d.<\/p>\n<p><span class=\"et_bloom_bottom_trigger\"><\/span><\/p>\n<p><a href=\"https:\/\/es.zenit.org\/\" target=\"_blank\" rel=\"nofollow\">Fuente: es.zenit.org<\/a><\/p>\n","protected":false},"excerpt":{"rendered":"<p>(ZENIT- Ciudad del Vaticano, 1 marzo 2017).- El papa Francisco invit\u00f3 en este mi\u00e9rcoles de ceniza y comienzo de la cuaresma, a vivir este per\u00edodo como un camino que sea signo sacramental de nuestra conversi\u00f3n. Lo dijo en la catequesis de la audiencia que realiz\u00f3 en la plaza de San Pedro, en este d\u00eda soleado &hellip; <a href=\"https:\/\/www.biblia.work\/noticias\/inicio-de-la-cuaresma-el-papa-en-la-audiencia-invita-a-vivir-un-camino-de-conversion\/\" class=\"more-link\">Continuar leyendo<span class=\"screen-reader-text\"> \u00abInicio de la cuaresma: el Papa en la audiencia invita a vivir un camino de conversi\u00f3n\u00bb<\/span><\/a><\/p>\n","protected":false},"author":1,"featured_media":0,"comment_status":"open","ping_status":"closed","sticky":false,"template":"","format":"standard","meta":{"footnotes":""},"categories":[1],"tags":[],"class_list":["post-12323","post","type-post","status-publish","format-standard","hentry","category-general"],"_links":{"self":[{"href":"https:\/\/www.biblia.work\/noticias\/wp-json\/wp\/v2\/posts\/12323","targetHints":{"allow":["GET"]}}],"collection":[{"href":"https:\/\/www.biblia.work\/noticias\/wp-json\/wp\/v2\/posts"}],"about":[{"href":"https:\/\/www.biblia.work\/noticias\/wp-json\/wp\/v2\/types\/post"}],"author":[{"embeddable":true,"href":"https:\/\/www.biblia.work\/noticias\/wp-json\/wp\/v2\/users\/1"}],"replies":[{"embeddable":true,"href":"https:\/\/www.biblia.work\/noticias\/wp-json\/wp\/v2\/comments?post=12323"}],"version-history":[{"count":0,"href":"https:\/\/www.biblia.work\/noticias\/wp-json\/wp\/v2\/posts\/12323\/revisions"}],"wp:attachment":[{"href":"https:\/\/www.biblia.work\/noticias\/wp-json\/wp\/v2\/media?parent=12323"}],"wp:term":[{"taxonomy":"category","embeddable":true,"href":"https:\/\/www.biblia.work\/noticias\/wp-json\/wp\/v2\/categories?post=12323"},{"taxonomy":"post_tag","embeddable":true,"href":"https:\/\/www.biblia.work\/noticias\/wp-json\/wp\/v2\/tags?post=12323"}],"curies":[{"name":"wp","href":"https:\/\/api.w.org\/{rel}","templated":true}]}}