{"id":12326,"date":"2017-03-01T06:15:02","date_gmt":"2017-03-01T11:15:02","guid":{"rendered":"http:\/\/www.biblia.work\/noticias\/el-papa-a-los-peregrinos-de-oriente-medio-la-cuaresma-es-un-camino-de-esperanza\/"},"modified":"2017-03-01T06:15:02","modified_gmt":"2017-03-01T11:15:02","slug":"el-papa-a-los-peregrinos-de-oriente-medio-la-cuaresma-es-un-camino-de-esperanza","status":"publish","type":"post","link":"https:\/\/www.biblia.work\/noticias\/el-papa-a-los-peregrinos-de-oriente-medio-la-cuaresma-es-un-camino-de-esperanza\/","title":{"rendered":"El Papa a los peregrinos de Oriente Medio: \u201cLa cuaresma es un camino de esperanza\u201d"},"content":{"rendered":"<p style=\"text-align: justify\">(ZENIT- Ciudad del Vaticano, 1 marzo 2017).- \u201cEnv\u00edo un cordial saludo a los peregrinos de idioma \u00e1rabe, particularmente a los que provienen de Irak, Jordania y Medio Oriente, dijo el papa Francisco durante la Audiencia general de este mi\u00e9rcoles 1\u00ba de marzo de 2017.<\/p>\n<p style=\"text-align: justify\">Esta ma\u00f1ana en que la audiencia inici\u00f3 en la plaza de San Pedro un poco m\u00e1s temprano, a las 9:30 de la ma\u00f1ana, el Santo Padre Francisco encontr\u00f3 a los grupos de peregrinos provenientes de Italia y de tantos pa\u00edses del mundo.<\/p>\n<p style=\"text-align: justify\">En sus palabras en italiano, traducidas inmediatamente en \u00e1rabe por uno de sus colaboradores de la Curia romana el Papa dijo:<\/p>\n<p style=\"text-align: justify\">&#8220;La cuaresma es un camino de esperanza: la esperanza de llegar a la Pascua a trav\u00e9s del desierto del ayuno y la mortificaci\u00f3n. Un camino de fe donde se siente la fidelidad del amor de Dios que no nos abandona nunca; un camino de penitencia donde la salvaci\u00f3n se realiza y se cumple a trav\u00e9s de la respuesta libre del hombre; un camino de liberaci\u00f3n de los \u00eddolos del mundo para alcanzar la libertad de los hijos de Dios; un camino de victoria sobre las tentaciones con la ayuda de la oraci\u00f3n y de los sacramentos\u201d.<\/p>\n<p style=\"text-align: justify\">\u201cLes deseo una buena cuaresma -dijo Francisco- \u00a1El Se\u00f1or les bendiga a todos y les proteja del maligno!\u201d.<\/p>\n<p><span class=\"et_bloom_bottom_trigger\"><\/span><\/p>\n<p><a href=\"https:\/\/es.zenit.org\/\" target=\"_blank\" rel=\"nofollow\">Fuente: es.zenit.org<\/a><\/p>\n","protected":false},"excerpt":{"rendered":"<p>(ZENIT- Ciudad del Vaticano, 1 marzo 2017).- \u201cEnv\u00edo un cordial saludo a los peregrinos de idioma \u00e1rabe, particularmente a los que provienen de Irak, Jordania y Medio Oriente, dijo el papa Francisco durante la Audiencia general de este mi\u00e9rcoles 1\u00ba de marzo de 2017. Esta ma\u00f1ana en que la audiencia inici\u00f3 en la plaza de &hellip; <a href=\"https:\/\/www.biblia.work\/noticias\/el-papa-a-los-peregrinos-de-oriente-medio-la-cuaresma-es-un-camino-de-esperanza\/\" class=\"more-link\">Continuar leyendo<span class=\"screen-reader-text\"> \u00abEl Papa a los peregrinos de Oriente Medio: \u201cLa cuaresma es un camino de esperanza\u201d\u00bb<\/span><\/a><\/p>\n","protected":false},"author":1,"featured_media":0,"comment_status":"open","ping_status":"closed","sticky":false,"template":"","format":"standard","meta":{"footnotes":""},"categories":[1],"tags":[],"class_list":["post-12326","post","type-post","status-publish","format-standard","hentry","category-general"],"_links":{"self":[{"href":"https:\/\/www.biblia.work\/noticias\/wp-json\/wp\/v2\/posts\/12326","targetHints":{"allow":["GET"]}}],"collection":[{"href":"https:\/\/www.biblia.work\/noticias\/wp-json\/wp\/v2\/posts"}],"about":[{"href":"https:\/\/www.biblia.work\/noticias\/wp-json\/wp\/v2\/types\/post"}],"author":[{"embeddable":true,"href":"https:\/\/www.biblia.work\/noticias\/wp-json\/wp\/v2\/users\/1"}],"replies":[{"embeddable":true,"href":"https:\/\/www.biblia.work\/noticias\/wp-json\/wp\/v2\/comments?post=12326"}],"version-history":[{"count":0,"href":"https:\/\/www.biblia.work\/noticias\/wp-json\/wp\/v2\/posts\/12326\/revisions"}],"wp:attachment":[{"href":"https:\/\/www.biblia.work\/noticias\/wp-json\/wp\/v2\/media?parent=12326"}],"wp:term":[{"taxonomy":"category","embeddable":true,"href":"https:\/\/www.biblia.work\/noticias\/wp-json\/wp\/v2\/categories?post=12326"},{"taxonomy":"post_tag","embeddable":true,"href":"https:\/\/www.biblia.work\/noticias\/wp-json\/wp\/v2\/tags?post=12326"}],"curies":[{"name":"wp","href":"https:\/\/api.w.org\/{rel}","templated":true}]}}