{"id":12343,"date":"2017-03-01T13:15:02","date_gmt":"2017-03-01T18:15:02","guid":{"rendered":"http:\/\/www.biblia.work\/noticias\/francisco-envia-un-mensaje-a-la-campana-de-fraternidad-en-brasil\/"},"modified":"2017-03-01T13:15:02","modified_gmt":"2017-03-01T18:15:02","slug":"francisco-envia-un-mensaje-a-la-campana-de-fraternidad-en-brasil","status":"publish","type":"post","link":"https:\/\/www.biblia.work\/noticias\/francisco-envia-un-mensaje-a-la-campana-de-fraternidad-en-brasil\/","title":{"rendered":"Francisco env\u00eda un mensaje a la campa\u00f1a de Fraternidad en Brasil"},"content":{"rendered":"<div class=\"titolo\"><\/div>\n<div class=\"notizia\">\n<div class=\"notizie bullnews\">\n<div>\n<p style=\"text-align: justify\">(ZENIT &#8211; Ciudad del Vaticano).- El papa Francisco ha enviado a la Conferencia Episcopal de Brasil que organiza \u00a0la 34\u00ba Campa\u00f1a cuaresmal de Fraternidad, un mensaje en el que invita a todos a \u201caumentar la conciencia de que el desaf\u00edo mundial que atraviesa la entera humanidad requiere la participaci\u00f3n de cada persona junto con el esfuerzo de toda comunidad local\u201d.<\/p>\n<p style=\"text-align: justify\">El lema de la campa\u00f1a es\u00a0\u201cFraternidad: biomas brasile\u00f1os y defensa de la vida\u201d\u00a0y\u00a0se refiere al vers\u00edculo del G\u00e9nesis que dice \u201cEl Se\u00f1or Dios tom\u00f3 al hombre y le dej\u00f3 en el jard\u00edn de Ed\u00e9n para que lo labrase y lo cuidase\u201d.<\/p>\n<p style=\"text-align: justify\">Un bioma\u00a0o\u00a0\u00e1reas bi\u00f3ticas\u00a0es\u00a0una determinada parte del planeta que comparte el clima, flora y fauna. Un\u00a0conjunto de ecosistemas.<\/p>\n<p style=\"text-align: justify\">Francisco recuerda que el Creador ha sido generoso con Brasil concedi\u00e9ndole una diversidad de biomas de extraordinaria belleza, aunque por desgracia los signos de agresi\u00f3n a la creaci\u00f3n y de degradaci\u00f3n de la naturaleza tambi\u00e9n est\u00e1n presentes. En este sentido, subraya que la Iglesia de Brasil ha sido siempre una voz prof\u00e9tica en cuanto ata\u00f1e al respeto y al cuidado del medio ambiente y de los pobres no solamente llamado la atenci\u00f3n sobre el desaf\u00edo de los problemas ecol\u00f3gicos sino tambi\u00e9n indicando sus causas y sugiriendo caminos para superarlas.<\/p>\n<p style=\"text-align: justify\">Esta Campa\u00f1a, escribe el Santo Padre, nos invita a admirar y respetar la diversidad de la naturaleza que se manifiesta en los diversos biomas de Brasil, a trav\u00e9s de la promoci\u00f3n de relaciones respetuosas con la vida y la cultura de los pueblos que all\u00ed viven . \u201cEste \u2013subraya- es uno de los desaf\u00edos m\u00e1s grandes en todos los lugares de la tierra porque la degradaci\u00f3n del medio ambiente va siempre acompa\u00f1ada por la injusticia social\u201d.<\/p>\n<p style=\"text-align: justify\">\u201cLos pueblos originarios de cada bioma o que viven tradicionalmente en ellos nos dan un claro ejemplo de como la convivencia con la creaci\u00f3n puede ser respetuosa, portadora de plenitud y misericordia. Por lo tanto es necesario conocer a estos pueblos y aprender de ellos y de sus relaciones con la naturaleza. As\u00ed, ser\u00e1 posible encontrar un modelo de sostenibilidad que pueda ser una alternativa al af\u00e1n desenfrenado de lucro que agota los recursos naturales y agrede la dignidad de los pobres\u201d indica.<\/p>\n<p style=\"text-align: justify\">Al final, refiri\u00e9ndose al tiempo de Cuaresma en que se celebra siempre esta Campa\u00f1a, el Santo Padre\u00a0 hace hincapie en que las personas de fe que celebran en Pascua la victoria de la vida sobre la muerte, si son conscientes de la situaci\u00f3n de agresi\u00f3n a la creaci\u00f3n divina en cada uno de los biomas brasile\u00f1os no pueden permanecer indiferentes.<\/p>\n<\/div>\n<\/div>\n<\/div>\n<div class=\"notizia\"><\/div>\n<p><span class=\"et_bloom_bottom_trigger\"><\/span><\/p>\n<p><a href=\"https:\/\/es.zenit.org\/\" target=\"_blank\" rel=\"nofollow\">Fuente: es.zenit.org<\/a><\/p>\n","protected":false},"excerpt":{"rendered":"<p>(ZENIT &#8211; Ciudad del Vaticano).- El papa Francisco ha enviado a la Conferencia Episcopal de Brasil que organiza \u00a0la 34\u00ba Campa\u00f1a cuaresmal de Fraternidad, un mensaje en el que invita a todos a \u201caumentar la conciencia de que el desaf\u00edo mundial que atraviesa la entera humanidad requiere la participaci\u00f3n de cada persona junto con el &hellip; <a href=\"https:\/\/www.biblia.work\/noticias\/francisco-envia-un-mensaje-a-la-campana-de-fraternidad-en-brasil\/\" class=\"more-link\">Continuar leyendo<span class=\"screen-reader-text\"> \u00abFrancisco env\u00eda un mensaje a la campa\u00f1a de Fraternidad en Brasil\u00bb<\/span><\/a><\/p>\n","protected":false},"author":1,"featured_media":0,"comment_status":"open","ping_status":"closed","sticky":false,"template":"","format":"standard","meta":{"footnotes":""},"categories":[1],"tags":[],"class_list":["post-12343","post","type-post","status-publish","format-standard","hentry","category-general"],"_links":{"self":[{"href":"https:\/\/www.biblia.work\/noticias\/wp-json\/wp\/v2\/posts\/12343","targetHints":{"allow":["GET"]}}],"collection":[{"href":"https:\/\/www.biblia.work\/noticias\/wp-json\/wp\/v2\/posts"}],"about":[{"href":"https:\/\/www.biblia.work\/noticias\/wp-json\/wp\/v2\/types\/post"}],"author":[{"embeddable":true,"href":"https:\/\/www.biblia.work\/noticias\/wp-json\/wp\/v2\/users\/1"}],"replies":[{"embeddable":true,"href":"https:\/\/www.biblia.work\/noticias\/wp-json\/wp\/v2\/comments?post=12343"}],"version-history":[{"count":0,"href":"https:\/\/www.biblia.work\/noticias\/wp-json\/wp\/v2\/posts\/12343\/revisions"}],"wp:attachment":[{"href":"https:\/\/www.biblia.work\/noticias\/wp-json\/wp\/v2\/media?parent=12343"}],"wp:term":[{"taxonomy":"category","embeddable":true,"href":"https:\/\/www.biblia.work\/noticias\/wp-json\/wp\/v2\/categories?post=12343"},{"taxonomy":"post_tag","embeddable":true,"href":"https:\/\/www.biblia.work\/noticias\/wp-json\/wp\/v2\/tags?post=12343"}],"curies":[{"name":"wp","href":"https:\/\/api.w.org\/{rel}","templated":true}]}}