{"id":12350,"date":"2017-03-01T16:05:03","date_gmt":"2017-03-01T21:05:03","guid":{"rendered":"http:\/\/www.biblia.work\/noticias\/victima-de-abusos-renuncia-como-miembro-de-la-comision-para-la-proteccion-de-menores\/"},"modified":"2017-03-01T16:05:03","modified_gmt":"2017-03-01T21:05:03","slug":"victima-de-abusos-renuncia-como-miembro-de-la-comision-para-la-proteccion-de-menores","status":"publish","type":"post","link":"https:\/\/www.biblia.work\/noticias\/victima-de-abusos-renuncia-como-miembro-de-la-comision-para-la-proteccion-de-menores\/","title":{"rendered":"V\u00edctima de abusos renuncia como miembro de la Comisi\u00f3n para la Protecci\u00f3n de Menores"},"content":{"rendered":"<p> VATICANO, 01 Mar. 17 (ACI).-<br \/>\n\tMarie Collins, v&iacute;ctima de abusos por parte del clero, renunci&oacute; como miembro de la Pontificia Comisi&oacute;n para la Protecci&oacute;n de Menores (PCPM), de la que formaba parte desde el a&ntilde;o 2014.<\/p>\n<p style=\"text-align: justify\">\n\tSeg&uacute;n una nota de prensa difundida por la PCPM, Collins inform&oacute; al Cardenal Sean O&rsquo;Malley, Presidente de la Comisi&oacute;n, que tom&oacute; esta decisi&oacute;n tras constatar &ldquo;una falta de cooperaci&oacute;n entre la Comisi&oacute;n y otras oficinas de la Curia Romana&rdquo;, como explic&oacute; en la carta de renuncia dirigida al Santo Padre.<\/p>\n<p style=\"text-align: justify\">\n\tA pesar de su renuncia, Collins acept&oacute; la invitaci&oacute;n del Cardenal O&rsquo;Malley para continuar trabajando con la Comisi&oacute;n en un papel educativo, en reconocimiento de sus excepcionales habilidades educativas y por el impacto de su testimonio como superviviente.<\/p>\n<p style=\"text-align: justify\">\n\tEl Papa Francisco acept&oacute; la dimisi&oacute;n expresando su &ldquo;profundo aprecio por su trabajo en favor de las v&iacute;ctimas y supervivientes de los abusos del clero&rdquo;.<\/p>\n<p style=\"text-align: justify\">\n\tMarie Collins ha destacado como una s&oacute;lida e incansable defensora de las voces de las v&iacute;ctimas y supervivientes de abusos a menores para que sean escuchadas. Su labor ha perseguido, adem&aacute;s, que las v&iacute;ctimas y supervivientes de abusos por parte del clero sean una prioridad para la Iglesia.<\/p>\n<p style=\"text-align: justify\">\n\tEn un mensaje difundido por la Santa Sede, el Cardenal O&rsquo;Malley expres&oacute; &ldquo;su sincero agradecimiento&rdquo; a Marie Collins &ldquo;por sus extraordinarias contribuciones como miembro fundador de la Comisi&oacute;n. Escucharemos con gran atenci&oacute;n todo lo que Marie desee compartir con nosotros a cerca de sus inquietudes&rdquo;.<\/p>\n<p style=\"text-align: justify\">\n\tEn declaraciones a ACI Prensa, el tambi&eacute;n miembro de la PCPM, Fr. Hans Zollner, dijo que &ldquo;comprendo y realmente respeto su sentimiento de frustraci&oacute;n&rdquo;. Zollner no cree que haya un problema &ldquo;entre la Comisi&oacute;n y toda la Curia. Como en cualquier organizaci&oacute;n y en cualquier instituci&oacute;n, hay retrocesos, hay contratiempos, como se&ntilde;ala Marie Collins&rdquo;. &ldquo;Obviamente &ndash;continu&oacute;&ndash;, esto es algo dif&iacute;cil de soportar para una superviviente&rdquo;.<\/p>\n<p style=\"text-align: justify\">\n\tEn opini&oacute;n de Zollner, estos retrocesos no son &ldquo;culpa de toda la Curia. Hemos recibido una serie de invitaciones de dicasterios de la Curia en los &uacute;ltimos 10 meses&rdquo;. Por ello destac&oacute; que Marie Collins haya querido &ldquo;continuar su trabajo para nosotros. Si hubiera pensado que la responsabilidad era de toda la Curia, no pondr&iacute;a ese esfuerzo en continuar colaborando&rdquo;.<\/p>\n<p style=\"text-align: justify\">\n\tLa Pontificia Comisi&oacute;n para la Protecci&oacute;n de Menores se estableci&oacute; en marzo de 2014 como iniciativa del Papa Francisco.<\/p>\n<p style=\"text-align: justify\">\n\tTambi&eacute;n te puede interesar:<\/p>\n<p style=\"text-align: justify\">\n\t&nbsp;<\/p>\n<p style=\"text-align: justify\">\n\t\tCardenal Salazar: Proteger a los ni&ntilde;os es prioridad de la Iglesia Cat&oacute;lica https:\/\/t.co\/KV79Na4USh<\/p>\n<p>\t&mdash; ACI Prensa (@aciprensa) 23 de febrero de 2017<\/p>\n<p style=\"text-align: justify\">\n\t&nbsp;<\/p>\n","protected":false},"excerpt":{"rendered":"<p>VATICANO, 01 Mar. 17 (ACI).- Marie Collins, v&iacute;ctima de abusos por parte del clero, renunci&oacute; como miembro de la Pontificia Comisi&oacute;n para la Protecci&oacute;n de Menores (PCPM), de la que formaba parte desde el a&ntilde;o 2014. Seg&uacute;n una nota de prensa difundida por la PCPM, Collins inform&oacute; al Cardenal Sean O&rsquo;Malley, Presidente de la Comisi&oacute;n, &hellip; <a href=\"https:\/\/www.biblia.work\/noticias\/victima-de-abusos-renuncia-como-miembro-de-la-comision-para-la-proteccion-de-menores\/\" class=\"more-link\">Continuar leyendo<span class=\"screen-reader-text\"> \u00abV\u00edctima de abusos renuncia como miembro de la Comisi\u00f3n para la Protecci\u00f3n de Menores\u00bb<\/span><\/a><\/p>\n","protected":false},"author":1,"featured_media":0,"comment_status":"open","ping_status":"closed","sticky":false,"template":"","format":"standard","meta":{"footnotes":""},"categories":[1],"tags":[],"class_list":["post-12350","post","type-post","status-publish","format-standard","hentry","category-general"],"_links":{"self":[{"href":"https:\/\/www.biblia.work\/noticias\/wp-json\/wp\/v2\/posts\/12350","targetHints":{"allow":["GET"]}}],"collection":[{"href":"https:\/\/www.biblia.work\/noticias\/wp-json\/wp\/v2\/posts"}],"about":[{"href":"https:\/\/www.biblia.work\/noticias\/wp-json\/wp\/v2\/types\/post"}],"author":[{"embeddable":true,"href":"https:\/\/www.biblia.work\/noticias\/wp-json\/wp\/v2\/users\/1"}],"replies":[{"embeddable":true,"href":"https:\/\/www.biblia.work\/noticias\/wp-json\/wp\/v2\/comments?post=12350"}],"version-history":[{"count":0,"href":"https:\/\/www.biblia.work\/noticias\/wp-json\/wp\/v2\/posts\/12350\/revisions"}],"wp:attachment":[{"href":"https:\/\/www.biblia.work\/noticias\/wp-json\/wp\/v2\/media?parent=12350"}],"wp:term":[{"taxonomy":"category","embeddable":true,"href":"https:\/\/www.biblia.work\/noticias\/wp-json\/wp\/v2\/categories?post=12350"},{"taxonomy":"post_tag","embeddable":true,"href":"https:\/\/www.biblia.work\/noticias\/wp-json\/wp\/v2\/tags?post=12350"}],"curies":[{"name":"wp","href":"https:\/\/api.w.org\/{rel}","templated":true}]}}