{"id":12352,"date":"2017-03-01T17:05:03","date_gmt":"2017-03-01T22:05:03","guid":{"rendered":"http:\/\/www.biblia.work\/noticias\/politicos-buscan-censurar-a-sacerdote-para-frenar-procesion-de-jueves-santo\/"},"modified":"2017-03-01T17:05:03","modified_gmt":"2017-03-01T22:05:03","slug":"politicos-buscan-censurar-a-sacerdote-para-frenar-procesion-de-jueves-santo","status":"publish","type":"post","link":"https:\/\/www.biblia.work\/noticias\/politicos-buscan-censurar-a-sacerdote-para-frenar-procesion-de-jueves-santo\/","title":{"rendered":"Pol\u00edticos buscan censurar a sacerdote para frenar procesi\u00f3n de Jueves Santo"},"content":{"rendered":"<p> REDACCI\u00d3N CENTRAL, 01 Mar. 17 (ACI).-<br \/>\n\tPol&iacute;ticos socialistas han lanzado por tercer a&ntilde;o consecutivo una campa&ntilde;a para censurar al P. Custodio Ballester, con el objetivo de frenar la tradicional procesi&oacute;n de Jueves Santo que encabeza en su parroquia de la Inmaculada Concepci&oacute;n de Hospitalet de Llobregat, en Barcelona (Espa&ntilde;a).<\/p>\n<p style=\"text-align: justify\">\n\tLos pol&iacute;ticos han exigido al Arzobispo de Barcelona, Mons. Juan Jos&eacute; Omella, que retire al P. Ballester, de 52 a&ntilde;os, del puesto que ocupa desde 2002.<\/p>\n<p style=\"text-align: justify\">\n\tEl P. Ballester dijo a ACI Prensa que al frente del acoso se encuentran &ldquo;el ayuntamiento de Hospitalet, su alcaldesa la socialista Nuria Mar&iacute;n y el concejal de mi distrito, Jaume Graells, que me ha acusado de fan&aacute;tico religioso por predicar contra el aborto&rdquo;.<\/p>\n<p style=\"text-align: justify\">\n\tEstos pol&iacute;ticos, dijo, &ldquo;exigen al Arzobispo de Barcelona mi destituci&oacute;n como p&aacute;rroco&rdquo;.<\/p>\n<p style=\"text-align: justify\">\n\tEl sacerdote se&ntilde;al&oacute; que estos pol&iacute;ticos &ldquo;llevan tres a&ntilde;os intentando impedir la procesi&oacute;n de Jueves Santo que acoge mi parroquia y que organizan los veteranos de la Legi&oacute;n Espa&ntilde;ola, un cuerpo militar muy popular en Espa&ntilde;a, formado por voluntarios que siempre luchan en primera l&iacute;nea de combate&rdquo;.<\/p>\n<p style=\"text-align: justify\">\n\tExplic&oacute; que en esta tradicional procesi&oacute;n los veteranos &ldquo;procesionan con el Cristo de la Buena Muerte en hombros por las calles del barrio, con su banda de cornetas y tambores&rdquo;.<\/p>\n<p style=\"text-align: justify\">\n\t&ldquo;La procesi&oacute;n se ha realizado, pues la presentamos como una manifestaci&oacute;n por la libertad religiosa que el Ayuntamiento quiere cercenar&rdquo;, dijo.<\/p>\n<p style=\"text-align: justify\">\n\tOtra de las razones por la que sus cr&iacute;ticos buscan censurarlo es una Misa celebrada el 5 de noviembre de 2016 para los difuntos y veteranos de la Divisi&oacute;n Azul.<\/p>\n<p style=\"text-align: justify\">\n\tLa Divisi&oacute;n Azul, oficialmente Divisi&oacute;n Espa&ntilde;ola de Voluntarios, fue una divisi&oacute;n de infanter&iacute;a de voluntarios que luch&oacute; del lado de la Alemania Nazi contra la Uni&oacute;n Sovi&eacute;tica entre 1941 y 1943. Para los cr&iacute;ticos del P. Ballester, la Misa tuvo un trasfondo pol&iacute;tico, de elogio al fascismo y a la dictadura de Francisco Franco.<\/p>\n<p style=\"text-align: justify\">\n\t&ldquo;Se han agarrado a una celebraci&oacute;n el pasado noviembre de la Misa por los difuntos de la Divisi&oacute;n Azul. Una divisi&oacute;n de voluntarios que envi&oacute; el general Franco a luchar contra el comunismo tras la invasi&oacute;n de Rusia por parte de Alemania&rdquo;, dijo el sacerdote espa&ntilde;ol.<\/p>\n<p style=\"text-align: justify\">\n\tEn noviembre de 2016, indic&oacute;, &ldquo;se celebraba el 75 aniversario con una Misa por los difuntos y un acto acad&eacute;mico con ponencias y presentaci&oacute;n de libros sobre la historia de la Divisi&oacute;n. Fueron 5 viejecitos nonagenarios que la pidieron, pues hab&iacute;an combatido all&iacute;&rdquo;.<\/p>\n<p style=\"text-align: justify\">\n\t&ldquo;Ha sido solo una excusa para empezar esa campa&ntilde;a contra m&iacute; en v&iacute;speras de la Semana Santa&rdquo;, dijo, pues &ldquo;piensan que liquid&aacute;ndome a m&iacute; se acaba la procesi&oacute;n&rdquo;.<\/p>\n<p style=\"text-align: justify\">\n\tEl P. Ballester indic&oacute; que en la procesi&oacute;n de Jueves Santo &ldquo;el Cristo de la Buena Muerte, patr&oacute;n de la Legi&oacute;n Espa&ntilde;ola, es llevado a hombros por una escuadra de gastadores y un pelot&oacute;n de escolta con armas inutilizadas&rdquo;.<\/p>\n<p style=\"text-align: justify\">\n\t&ldquo;En la Catalu&ntilde;a que quiere ser independiente, laica, hom&oacute;fila y abortista &ndash;tal como dice su futura constituci&oacute;n&ndash; la presencia de una procesi&oacute;n tan espa&ntilde;ola, la solemne m&uacute;sica militar, la multitud de gente que la acompa&ntilde;a entre vivas a Espa&ntilde;a, al Ej&eacute;rcito y al Cristo es algo que no pueden soportar. Pues el proyecto independentista se desmorona ante la gente que viene de toda Barcelona a verla&rdquo;, concluy&oacute;.<\/p>\n<p style=\"text-align: justify\">\n\tTambi&eacute;n te puede interesar:<\/p>\n<p style=\"text-align: justify\">\n\t\tLobby gay amenaza con quemar autob&uacute;s que denuncia la ideolog&iacute;a de g&eacute;nero https:\/\/t.co\/QobmSOxRHH<\/p>\n<p>\t&mdash; ACI Prensa (@aciprensa) 1 de marzo de 2017<\/p>\n","protected":false},"excerpt":{"rendered":"<p>REDACCI\u00d3N CENTRAL, 01 Mar. 17 (ACI).- Pol&iacute;ticos socialistas han lanzado por tercer a&ntilde;o consecutivo una campa&ntilde;a para censurar al P. Custodio Ballester, con el objetivo de frenar la tradicional procesi&oacute;n de Jueves Santo que encabeza en su parroquia de la Inmaculada Concepci&oacute;n de Hospitalet de Llobregat, en Barcelona (Espa&ntilde;a). Los pol&iacute;ticos han exigido al Arzobispo &hellip; <a href=\"https:\/\/www.biblia.work\/noticias\/politicos-buscan-censurar-a-sacerdote-para-frenar-procesion-de-jueves-santo\/\" class=\"more-link\">Continuar leyendo<span class=\"screen-reader-text\"> \u00abPol\u00edticos buscan censurar a sacerdote para frenar procesi\u00f3n de Jueves Santo\u00bb<\/span><\/a><\/p>\n","protected":false},"author":1,"featured_media":0,"comment_status":"open","ping_status":"closed","sticky":false,"template":"","format":"standard","meta":{"footnotes":""},"categories":[1],"tags":[],"class_list":["post-12352","post","type-post","status-publish","format-standard","hentry","category-general"],"_links":{"self":[{"href":"https:\/\/www.biblia.work\/noticias\/wp-json\/wp\/v2\/posts\/12352","targetHints":{"allow":["GET"]}}],"collection":[{"href":"https:\/\/www.biblia.work\/noticias\/wp-json\/wp\/v2\/posts"}],"about":[{"href":"https:\/\/www.biblia.work\/noticias\/wp-json\/wp\/v2\/types\/post"}],"author":[{"embeddable":true,"href":"https:\/\/www.biblia.work\/noticias\/wp-json\/wp\/v2\/users\/1"}],"replies":[{"embeddable":true,"href":"https:\/\/www.biblia.work\/noticias\/wp-json\/wp\/v2\/comments?post=12352"}],"version-history":[{"count":0,"href":"https:\/\/www.biblia.work\/noticias\/wp-json\/wp\/v2\/posts\/12352\/revisions"}],"wp:attachment":[{"href":"https:\/\/www.biblia.work\/noticias\/wp-json\/wp\/v2\/media?parent=12352"}],"wp:term":[{"taxonomy":"category","embeddable":true,"href":"https:\/\/www.biblia.work\/noticias\/wp-json\/wp\/v2\/categories?post=12352"},{"taxonomy":"post_tag","embeddable":true,"href":"https:\/\/www.biblia.work\/noticias\/wp-json\/wp\/v2\/tags?post=12352"}],"curies":[{"name":"wp","href":"https:\/\/api.w.org\/{rel}","templated":true}]}}