{"id":12357,"date":"2017-03-02T03:15:03","date_gmt":"2017-03-02T08:15:03","guid":{"rendered":"http:\/\/www.biblia.work\/noticias\/la-comision-para-la-tutela-de-los-menores-renuncia-la-senora-collins\/"},"modified":"2017-03-02T03:15:03","modified_gmt":"2017-03-02T08:15:03","slug":"la-comision-para-la-tutela-de-los-menores-renuncia-la-senora-collins","status":"publish","type":"post","link":"https:\/\/www.biblia.work\/noticias\/la-comision-para-la-tutela-de-los-menores-renuncia-la-senora-collins\/","title":{"rendered":"La Comisi\u00f3n para la tutela de los menores: renuncia la se\u00f1ora Collins"},"content":{"rendered":"<p style=\"text-align: justify\">(ZENIT \u2013 Ciudad del Vaticano).- La Comisi\u00f3n pontificia para la tutela de los menores (PCPM), querida fuertemente por el papa Francisco para combatir los cr\u00edmenes de pedofilia en la Iglesia, perdi\u00f3 a uno de sus miembros: la se\u00f1ora Marie Collins, que trabajaba en ella desde el inicio de la instituci\u00f3n en el a\u00f1o 2014.<\/p>\n<p style=\"text-align: justify\">Marie Collins fue v\u00edctima de abusos cuando joven y conocedora por lo tanto en primera persona de la tragedia de estos cr\u00edmenes, y encargada por el Santo Padre para ayudar a la Comisi\u00f3n. Ella ha\u00a0reconocido la dedicaci\u00f3n de la PCPM y \u201cel deseo genuino\u201d de papa Francisco de acabar con los abuso sexuales del clero.<\/p>\n<p style=\"text-align: justify\">La se\u00f1ora Collis, tuvo un encuentro con el cardenal Sean O\u2019Malley, presidente de dicha comisi\u00f3n, y envi\u00f3 una carta al papa Francisco presentando su dimisi\u00f3n, las cuales fueron aceptadas. En la misiva ella subraya \u201cfrustraci\u00f3n por la falta de cooperaci\u00f3n con la Comisi\u00f3n y otras oficinas de la Curia Romana\u201d. Entretanto seguir\u00e1 colaborando con la comisi\u00f3n con una tarea educativa.<\/p>\n<p style=\"text-align: justify\">El Santo Padre y el cardenal O&#8217;Malley, como los dem\u00e1s miembros de la Comisi\u00f3n le agradecieron a la Sra. Collins por sus servicios, escribe el Papa, en favor de las v\u00edctimas de los abusos del clero.<\/p>\n<p style=\"text-align: justify\">Durante la reuni\u00f3n plenaria del pr\u00f3ximo mes, anticip\u00f3 el cardenal O&#8217;Malley, la Comisi\u00f3n discutir\u00e1 sobre las preocupaciones expresadas por Marie Collins.<\/p>\n<p><span class=\"et_bloom_bottom_trigger\"><\/span><\/p>\n<p><a href=\"https:\/\/es.zenit.org\/\" target=\"_blank\" rel=\"nofollow\">Fuente: es.zenit.org<\/a><\/p>\n","protected":false},"excerpt":{"rendered":"<p>(ZENIT \u2013 Ciudad del Vaticano).- La Comisi\u00f3n pontificia para la tutela de los menores (PCPM), querida fuertemente por el papa Francisco para combatir los cr\u00edmenes de pedofilia en la Iglesia, perdi\u00f3 a uno de sus miembros: la se\u00f1ora Marie Collins, que trabajaba en ella desde el inicio de la instituci\u00f3n en el a\u00f1o 2014. Marie &hellip; <a href=\"https:\/\/www.biblia.work\/noticias\/la-comision-para-la-tutela-de-los-menores-renuncia-la-senora-collins\/\" class=\"more-link\">Continuar leyendo<span class=\"screen-reader-text\"> \u00abLa Comisi\u00f3n para la tutela de los menores: renuncia la se\u00f1ora Collins\u00bb<\/span><\/a><\/p>\n","protected":false},"author":1,"featured_media":0,"comment_status":"open","ping_status":"closed","sticky":false,"template":"","format":"standard","meta":{"footnotes":""},"categories":[1],"tags":[],"class_list":["post-12357","post","type-post","status-publish","format-standard","hentry","category-general"],"_links":{"self":[{"href":"https:\/\/www.biblia.work\/noticias\/wp-json\/wp\/v2\/posts\/12357","targetHints":{"allow":["GET"]}}],"collection":[{"href":"https:\/\/www.biblia.work\/noticias\/wp-json\/wp\/v2\/posts"}],"about":[{"href":"https:\/\/www.biblia.work\/noticias\/wp-json\/wp\/v2\/types\/post"}],"author":[{"embeddable":true,"href":"https:\/\/www.biblia.work\/noticias\/wp-json\/wp\/v2\/users\/1"}],"replies":[{"embeddable":true,"href":"https:\/\/www.biblia.work\/noticias\/wp-json\/wp\/v2\/comments?post=12357"}],"version-history":[{"count":0,"href":"https:\/\/www.biblia.work\/noticias\/wp-json\/wp\/v2\/posts\/12357\/revisions"}],"wp:attachment":[{"href":"https:\/\/www.biblia.work\/noticias\/wp-json\/wp\/v2\/media?parent=12357"}],"wp:term":[{"taxonomy":"category","embeddable":true,"href":"https:\/\/www.biblia.work\/noticias\/wp-json\/wp\/v2\/categories?post=12357"},{"taxonomy":"post_tag","embeddable":true,"href":"https:\/\/www.biblia.work\/noticias\/wp-json\/wp\/v2\/tags?post=12357"}],"curies":[{"name":"wp","href":"https:\/\/api.w.org\/{rel}","templated":true}]}}