{"id":12361,"date":"2017-03-02T07:15:02","date_gmt":"2017-03-02T12:15:02","guid":{"rendered":"http:\/\/www.biblia.work\/noticias\/academia-las-ciencias-ante-el-cambio-climatico-energia-limpia-nueva-agricultura-y-ciudades-inteligentes\/"},"modified":"2017-03-02T07:15:02","modified_gmt":"2017-03-02T12:15:02","slug":"academia-las-ciencias-ante-el-cambio-climatico-energia-limpia-nueva-agricultura-y-ciudades-inteligentes","status":"publish","type":"post","link":"https:\/\/www.biblia.work\/noticias\/academia-las-ciencias-ante-el-cambio-climatico-energia-limpia-nueva-agricultura-y-ciudades-inteligentes\/","title":{"rendered":"Academia las Ciencias. \u2018Ante el cambio clim\u00e1tico: energ\u00eda limpia, nueva agricultura y ciudades inteligentes\u2019"},"content":{"rendered":"<p style=\"text-align: justify\">(ZENIT- Ciudad del Vaticano. 2 de marzo de 2017).- Los resultados del encuentro sobre la Extinci\u00f3n biol\u00f3gica y las propuestas para salvar el ambiente natural del cual depende la humanidad, fueron presentados este jueves en la Sala de prensa de la Santa Sede. El &#8216;<em>Workshop<\/em>&#8216; que se realiz\u00f3 en la Academia Pontificia de las Ciencias en el Vaticano, inici\u00f3 el 27 de febrero y concluy\u00f3 este 1\u00ba de marzo.<\/p>\n<p style=\"text-align: justify\">En la conferencia de prensa intervinieron el prof. Werner Arber, premio Nobel de medicina y presidente de la Pontificia Academia de las Ciencias, y dos acad\u00e9micos de la misma: Peter Hamilton Raven y Partha Sarathi Dasgupta, as\u00ed como su canciller, Mons. S\u00e1nchez Sorondo.<\/p>\n<p style=\"text-align: justify\">Estamos convencidos de que &#8211;se\u00f1al\u00f3 Mons. S\u00e1nchez Sorondo, \u201cla actividad humana con elementos f\u00f3siles, principalmente el petr\u00f3leo y el carb\u00f3n, acaban produciendo calentamiento global, alterando el ciclo del agua y produciendo la extinci\u00f3n de la biodiversidad\u201d. Y a\u00f1adi\u00f3 que las actividades de este tipo son producidas principalmente por los pa\u00edses industrializados, y todos sienten estos cambios, pero los sufren especialmente las poblaciones m\u00e1s pobres.<\/p>\n<p style=\"text-align: justify\">Los pa\u00edses industrializados son los principales responsables, pero tambi\u00e9n las poblaciones pobres que tienen que vender sus junglas o bosques a precios rid\u00edculos para poder sobrevivir, dijo. Y las soluciones que se proponen, indic\u00f3 Mons. S\u00e1nchez Sorondo, son: \u201cel cambio hacia una energ\u00eda limpia, nuevas t\u00e9cnicas agr\u00edcolas, nuevas &#8216;ciudades inteligentes&#8217;, peque\u00f1as y autosuficientes en energ\u00eda\u201d.<\/p>\n<p style=\"text-align: justify\">Pero no solo para las nuevas urbanizaciones, porque \u201chay ciudades antiguas como New Orleans est\u00e1 realizando cambios importantes\u201d, y estas &#8216;ciudades inteligentes&#8217; permiten \u201ctambi\u00e9n a las periferias vivir mejor\u201d.<\/p>\n<p style=\"text-align: justify\">Es necesario en un cuadro m\u00e1s global, explico el canciller, la erradicaci\u00f3n total de la pobreza, causa directa o indirecta de esta situaci\u00f3n, \u201cno solamente por que lo necesita la vida humana, sino para vivir tambi\u00e9n gracias a la biodiversidad\u201d.<\/p>\n<p style=\"text-align: justify\">Sobre la poblaci\u00f3n, asegur\u00f3, la mejor forma de progresar es la existencia de familia en el sentido cristiano, y subray\u00f3 que \u201cla carbonizaci\u00f3n de aire non es\u00a0a causa de la cantidad de poblaci\u00f3n, sino por la actividad humana que usa materiales f\u00f3siles\u201d.<\/p>\n<p style=\"text-align: justify\">Por su parte el profesor Werner Arber, premio Nobel consider\u00f3 de gran importancia iniciar este cambio, no solo a medio termino, sino tambi\u00e9n pensando a los pr\u00f3ximos siglos, y educando las poblaciones desde ahora para eso.<\/p>\n<p><span class=\"et_bloom_bottom_trigger\"><\/span><\/p>\n<p><a href=\"https:\/\/es.zenit.org\/\" target=\"_blank\" rel=\"nofollow\">Fuente: es.zenit.org<\/a><\/p>\n","protected":false},"excerpt":{"rendered":"<p>(ZENIT- Ciudad del Vaticano. 2 de marzo de 2017).- Los resultados del encuentro sobre la Extinci\u00f3n biol\u00f3gica y las propuestas para salvar el ambiente natural del cual depende la humanidad, fueron presentados este jueves en la Sala de prensa de la Santa Sede. El &#8216;Workshop&#8216; que se realiz\u00f3 en la Academia Pontificia de las Ciencias &hellip; <a href=\"https:\/\/www.biblia.work\/noticias\/academia-las-ciencias-ante-el-cambio-climatico-energia-limpia-nueva-agricultura-y-ciudades-inteligentes\/\" class=\"more-link\">Continuar leyendo<span class=\"screen-reader-text\"> \u00abAcademia las Ciencias. \u2018Ante el cambio clim\u00e1tico: energ\u00eda limpia, nueva agricultura y ciudades inteligentes\u2019\u00bb<\/span><\/a><\/p>\n","protected":false},"author":1,"featured_media":0,"comment_status":"open","ping_status":"closed","sticky":false,"template":"","format":"standard","meta":{"footnotes":""},"categories":[1],"tags":[],"class_list":["post-12361","post","type-post","status-publish","format-standard","hentry","category-general"],"_links":{"self":[{"href":"https:\/\/www.biblia.work\/noticias\/wp-json\/wp\/v2\/posts\/12361","targetHints":{"allow":["GET"]}}],"collection":[{"href":"https:\/\/www.biblia.work\/noticias\/wp-json\/wp\/v2\/posts"}],"about":[{"href":"https:\/\/www.biblia.work\/noticias\/wp-json\/wp\/v2\/types\/post"}],"author":[{"embeddable":true,"href":"https:\/\/www.biblia.work\/noticias\/wp-json\/wp\/v2\/users\/1"}],"replies":[{"embeddable":true,"href":"https:\/\/www.biblia.work\/noticias\/wp-json\/wp\/v2\/comments?post=12361"}],"version-history":[{"count":0,"href":"https:\/\/www.biblia.work\/noticias\/wp-json\/wp\/v2\/posts\/12361\/revisions"}],"wp:attachment":[{"href":"https:\/\/www.biblia.work\/noticias\/wp-json\/wp\/v2\/media?parent=12361"}],"wp:term":[{"taxonomy":"category","embeddable":true,"href":"https:\/\/www.biblia.work\/noticias\/wp-json\/wp\/v2\/categories?post=12361"},{"taxonomy":"post_tag","embeddable":true,"href":"https:\/\/www.biblia.work\/noticias\/wp-json\/wp\/v2\/tags?post=12361"}],"curies":[{"name":"wp","href":"https:\/\/api.w.org\/{rel}","templated":true}]}}