{"id":12370,"date":"2017-03-02T11:15:03","date_gmt":"2017-03-02T16:15:03","guid":{"rendered":"http:\/\/www.biblia.work\/noticias\/firman-en-el-cairo-la-declaracion-de-convivencia-reciproca-islamico-cristiana\/"},"modified":"2017-03-02T11:15:03","modified_gmt":"2017-03-02T16:15:03","slug":"firman-en-el-cairo-la-declaracion-de-convivencia-reciproca-islamico-cristiana","status":"publish","type":"post","link":"https:\/\/www.biblia.work\/noticias\/firman-en-el-cairo-la-declaracion-de-convivencia-reciproca-islamico-cristiana\/","title":{"rendered":"Firman en El Cairo la \u201cDeclaraci\u00f3n de convivencia rec\u00edproca isl\u00e1mico-cristiana\u201d"},"content":{"rendered":"<p style=\"text-align: justify\">(ZENIT- Roma, 2 de marzo de 2017).- M\u00e1s de 600 delegados (pol\u00edticos, acad\u00e9micos, l\u00edderes religiosos cristianos y musulmanes) participantes durante dos d\u00edas en el Cairo de la conferencia,\u201cla libertad y la ciudadan\u00eda, la diversidad y la integraci\u00f3n\u201d, firmaron la \u201cDeclaraci\u00f3n de convivencia rec\u00edproca isl\u00e1mico-cristiana\u201d, que condena el uso de la violencia en nombre de la religi\u00f3n e indica como principio de ciudadan\u00eda el criterio que debe aplicarse para garantizar la convivencia pac\u00edfica y fruct\u00edfera entre personas de diferentes religiones y comunidades religiosas.<\/p>\n<p style=\"text-align: justify\">Lo indic\u00f3 en Roma la Agencia Fides, precisando que este encuentro se realiz\u00f3 dentro del congreso organizado en el Cairo por la Universidad de Al Azhar y por el Consejo de los sabios musulmanes (organismo con sede en Abu Dhabi).<\/p>\n<p style=\"text-align: justify\">El mismo Sheikh Ahmed al Tayyib, Gran Im\u00e1n de Al Azhar, ha explicado el contenido y ha proporcionado la clave para la interpretaci\u00f3n de la \u201cDeclaraci\u00f3n\u201d, en un discurso final bien articulado, en el que ha recordado la necesidad de aplicar los principios de ciudadan\u00eda, igualdad y estado de derecho para contrarrestar la discriminaci\u00f3n y los malos tratos sufridos por las minor\u00edas.<\/p>\n<p style=\"text-align: justify\">El Gran Im\u00e1n ha rechazado las pr\u00e1cticas sociales y jur\u00eddicas que crean un \u201cest\u00e1ndar doble\u201d discriminando a los ciudadanos en base a su pertenencia o no al Islam.<\/p>\n<p style=\"text-align: justify\">Al Tayyib, en su intervenci\u00f3n &#8211;indica la Agencia Fides&#8211; tambi\u00e9n ha reiterado la incompatibilidad entre el verdadero Islam y la persecuci\u00f3n contra los creyentes no musulmanes, remarcando que la defensa de la libertad de los ciudadanos es una tarea reservada a los Estados nacionales, y ninguna otra entidades, religiosa o de otro tipo, debe pretender interferir con los gobiernos nacionales leg\u00edtimos en este terreno.<\/p>\n<p style=\"text-align: justify\">Precisamente ayer, mi\u00e9rcoles 1 de marzo, Amnist\u00eda Internacional hab\u00eda interpelado a las autoridades civiles egipcias, culp\u00e1ndolas de \u201cfracasar\u201d en la defensa y protecci\u00f3n de los cristianos coptos en el Norte del Sina\u00ed, que en las \u00faltimas semanas, han sido v\u00edctimas de una serie de asesinatos y actos de violencia selectiva.<\/p>\n<p style=\"text-align: justify\">El Gran Im\u00e1n, en su discurso final, ha denunciado una vez m\u00e1s, la propaganda que pretende imponer al imaginario colectivo la falsa idea de una grave v\u00ednculo entre el Islam y el terrorismo, advirtiendo que la insistencia sobre este estereotipo enga\u00f1oso abre el camino hacia la criminalizaci\u00f3n de todas las religiones, un objetivo perseguido por los sectores \u201cultra-modernistas\u201d que tratan de cancelar todas las afiliaciones religiosas como una medida necesaria para garantizar la estabilidad de las sociedades denominadas como \u201cavanzadas\u201d<\/p>\n<p><span class=\"et_bloom_bottom_trigger\"><\/span><\/p>\n<p><a href=\"https:\/\/es.zenit.org\/\" target=\"_blank\" rel=\"nofollow\">Fuente: es.zenit.org<\/a><\/p>\n","protected":false},"excerpt":{"rendered":"<p>(ZENIT- Roma, 2 de marzo de 2017).- M\u00e1s de 600 delegados (pol\u00edticos, acad\u00e9micos, l\u00edderes religiosos cristianos y musulmanes) participantes durante dos d\u00edas en el Cairo de la conferencia,\u201cla libertad y la ciudadan\u00eda, la diversidad y la integraci\u00f3n\u201d, firmaron la \u201cDeclaraci\u00f3n de convivencia rec\u00edproca isl\u00e1mico-cristiana\u201d, que condena el uso de la violencia en nombre de la &hellip; <a href=\"https:\/\/www.biblia.work\/noticias\/firman-en-el-cairo-la-declaracion-de-convivencia-reciproca-islamico-cristiana\/\" class=\"more-link\">Continuar leyendo<span class=\"screen-reader-text\"> \u00abFirman en El Cairo la \u201cDeclaraci\u00f3n de convivencia rec\u00edproca isl\u00e1mico-cristiana\u201d\u00bb<\/span><\/a><\/p>\n","protected":false},"author":1,"featured_media":0,"comment_status":"open","ping_status":"closed","sticky":false,"template":"","format":"standard","meta":{"footnotes":""},"categories":[1],"tags":[],"class_list":["post-12370","post","type-post","status-publish","format-standard","hentry","category-general"],"_links":{"self":[{"href":"https:\/\/www.biblia.work\/noticias\/wp-json\/wp\/v2\/posts\/12370","targetHints":{"allow":["GET"]}}],"collection":[{"href":"https:\/\/www.biblia.work\/noticias\/wp-json\/wp\/v2\/posts"}],"about":[{"href":"https:\/\/www.biblia.work\/noticias\/wp-json\/wp\/v2\/types\/post"}],"author":[{"embeddable":true,"href":"https:\/\/www.biblia.work\/noticias\/wp-json\/wp\/v2\/users\/1"}],"replies":[{"embeddable":true,"href":"https:\/\/www.biblia.work\/noticias\/wp-json\/wp\/v2\/comments?post=12370"}],"version-history":[{"count":0,"href":"https:\/\/www.biblia.work\/noticias\/wp-json\/wp\/v2\/posts\/12370\/revisions"}],"wp:attachment":[{"href":"https:\/\/www.biblia.work\/noticias\/wp-json\/wp\/v2\/media?parent=12370"}],"wp:term":[{"taxonomy":"category","embeddable":true,"href":"https:\/\/www.biblia.work\/noticias\/wp-json\/wp\/v2\/categories?post=12370"},{"taxonomy":"post_tag","embeddable":true,"href":"https:\/\/www.biblia.work\/noticias\/wp-json\/wp\/v2\/tags?post=12370"}],"curies":[{"name":"wp","href":"https:\/\/api.w.org\/{rel}","templated":true}]}}