{"id":12378,"date":"2017-03-02T13:15:02","date_gmt":"2017-03-02T18:15:02","guid":{"rendered":"http:\/\/www.biblia.work\/noticias\/cuaresma-para-conversion\/"},"modified":"2017-03-02T13:15:02","modified_gmt":"2017-03-02T18:15:02","slug":"cuaresma-para-conversion","status":"publish","type":"post","link":"https:\/\/www.biblia.work\/noticias\/cuaresma-para-conversion\/","title":{"rendered":"Cuaresma para conversi\u00f3n"},"content":{"rendered":"<p style=\"text-align: justify\">Estamos iniciando la Cuaresma, que es un tiempo de gracia que Dios nos concede para revisarnos, para morir con Cristo a cuanto sea contrario a su Evangelio, y resucitar con El a una vida centrada en el amor a Dios y al pr\u00f3jimo. \u00bfQu\u00e9 tiene esto que ver con los acontecimientos actuales?<\/p>\n<p style=\"text-align: justify\">Con el incremento de medidas racistas y antimigrantes en los Estados Unidos, y con la ampliaci\u00f3n del muro que divide nuestros pa\u00edses, aumentar\u00e1n las deportaciones, pero las migraciones no se van a detener. Disminuir\u00e1n las personas que intentan pasar, pero la pobreza, el hambre, la violencia y la inseguridad en el Sur, impulsan a muchos a exponerse a todos los peligros imaginables, con tal de encontrar una oportunidad de un trabajo mejor remunerado, huir de la miseria y de las pandillas de los \u201cmaras\u201d y, sobre todo, para reencontrarse con sus familias que ya viven all\u00e1.<\/p>\n<p style=\"text-align: justify\">\u00bfQu\u00e9 nos pide Dios que hagamos por los deportados y por los migrantes que siguen pasando por nuestro territorio?<\/p>\n<p style=\"text-align: justify\">PENSAR<\/p>\n<p style=\"text-align: justify\">El Papa Francisco, en su mensaje para esta Cuaresma, nos dice:<\/p>\n<p style=\"text-align: justify\">\u201cEl otro es un don, un tesoro de valor incalculable, un ser querido, amado, recordado por Dios, aunque su condici\u00f3n concreta sea la de un desecho humano. La primera invitaci\u00f3n es abrir la puerta de nuestro coraz\u00f3n al otro, porque cada persona es un don, sea vecino nuestro o un pobre desconocido.<\/p>\n<p style=\"text-align: justify\">La Cuaresma es un tiempo propicio para abrir la puerta a cualquier necesitado y reconocer en \u00e9l o en ella el rostro de Cristo. Cada uno de nosotros los encontramos en nuestro camino. Cada vida que encontramos es un don y merece acogida, respeto y amor\u201d.<\/p>\n<p style=\"text-align: justify\">El Papa nos advierte de lo que puede estar en el fondo de estos problemas: \u201cLa corrupci\u00f3n del pecado: el amor al dinero, la vanidad y la soberbia. El dinero puede llegar a dominarnos hasta convertirse en un \u00eddolo tir\u00e1nico. El dinero puede someternos, a nosotros y a todo el mundo, a una l\u00f3gica ego\u00edsta que no deja lugar al amor e impide la paz. La codicia del rico lo hace vanidoso. El pelda\u00f1o m\u00e1s bajo de esta decadencia moral es la soberbia. Para el hombre corrompido por el amor a las riquezas, no existe otra cosa que el propio yo, y por eso las personas que est\u00e1n a su alrededor no merecen su atenci\u00f3n. El fruto del apego al dinero es una especie de ceguera: el rico no ve al pobre hambriento, llagado y postrado en su humillaci\u00f3n.<\/p>\n<p style=\"text-align: justify\">La ra\u00edz de sus males est\u00e1 en no prestar o\u00eddo a la Palabra de Dios; esto es lo que lleva a no amar a Dios y, por tanto, a despreciar al pr\u00f3jimo. La Palabra de Dios es una fuerza viva, capaz de suscitar la conversi\u00f3n del coraz\u00f3n de los hombres y orientar nuevamente a Dios. Cerrar el coraz\u00f3n al don de Dios que habla tiene como efecto cerrar el coraz\u00f3n al don del hermano\u201d.<\/p>\n<p style=\"text-align: justify\">ACTUAR<\/p>\n<p style=\"text-align: justify\">\u00bfQu\u00e9 hacer ante las deportaciones y las migraciones que no se detienen? Ante todo, que en nuestros pa\u00edses se generen mejores condiciones de vida, m\u00e1s empleo y m\u00e1s oportunidades de desarrollo. Que se apoye m\u00e1s al campo, para que nuestro potencial agr\u00edcola sea una fuente no s\u00f3lo de sobrevivencia, sino de autosuficiencia. Aunque sea con limitaciones, se puede vivir dignamente en familia.<\/p>\n<p style=\"text-align: justify\">Si el presidente de los Estados Unidos quiere proteger la seguridad de su pa\u00eds y su econom\u00eda, que encuentren formas de evitar que haya tantos consumidores de drogas all\u00e1, pues son ellos quienes la solicitan desde el Sur y la pagan. La culpa no es s\u00f3lo del Sur; es sobre todo del Norte. Y que controlen la venta de armas, para que tengan m\u00e1s seguridad. No la quieren restringir, porque su producci\u00f3n es uno de los soportes fuertes de su econom\u00eda. Por otra parte, si todos los recursos econ\u00f3micos que van a emplear para defender su frontera, los invirtieran en generar empleos en nuestros pa\u00edses, disminuir\u00eda la migraci\u00f3n clandestina. Y si, como hace Canad\u00e1, Estados Unidos ampliara m\u00e1s la cuota de trabajadores temporales documentados, otro ser\u00eda el panorama.<\/p>\n<p style=\"text-align: justify\">Mientras tanto, seguiremos ofreciendo a los migrantes centroamericanos que pasan por nuestro territorio, una estancia digna y segura en nuestros albergues que hemos implementado para ellos. Y que seamos m\u00e1s solidarios con quienes encontremos en la calle.<\/p>\n<p style=\"text-align: justify\">\u201cQue el Esp\u00edritu Santo nos guie a realizar un verdadero camino de conversi\u00f3n, para redescubrir el don de la Palabra de Dios, ser purificados del pecado que nos ciega y servir a Cristo presente en los hermanos necesitados\u201d.<\/p>\n<p><span class=\"et_bloom_bottom_trigger\"><\/span><\/p>\n<p><a href=\"https:\/\/es.zenit.org\/\" target=\"_blank\" rel=\"nofollow\">Fuente: es.zenit.org<\/a><\/p>\n","protected":false},"excerpt":{"rendered":"<p>Estamos iniciando la Cuaresma, que es un tiempo de gracia que Dios nos concede para revisarnos, para morir con Cristo a cuanto sea contrario a su Evangelio, y resucitar con El a una vida centrada en el amor a Dios y al pr\u00f3jimo. \u00bfQu\u00e9 tiene esto que ver con los acontecimientos actuales? Con el incremento &hellip; <a href=\"https:\/\/www.biblia.work\/noticias\/cuaresma-para-conversion\/\" class=\"more-link\">Continuar leyendo<span class=\"screen-reader-text\"> \u00abCuaresma para conversi\u00f3n\u00bb<\/span><\/a><\/p>\n","protected":false},"author":1,"featured_media":0,"comment_status":"open","ping_status":"closed","sticky":false,"template":"","format":"standard","meta":{"footnotes":""},"categories":[1],"tags":[],"class_list":["post-12378","post","type-post","status-publish","format-standard","hentry","category-general"],"_links":{"self":[{"href":"https:\/\/www.biblia.work\/noticias\/wp-json\/wp\/v2\/posts\/12378","targetHints":{"allow":["GET"]}}],"collection":[{"href":"https:\/\/www.biblia.work\/noticias\/wp-json\/wp\/v2\/posts"}],"about":[{"href":"https:\/\/www.biblia.work\/noticias\/wp-json\/wp\/v2\/types\/post"}],"author":[{"embeddable":true,"href":"https:\/\/www.biblia.work\/noticias\/wp-json\/wp\/v2\/users\/1"}],"replies":[{"embeddable":true,"href":"https:\/\/www.biblia.work\/noticias\/wp-json\/wp\/v2\/comments?post=12378"}],"version-history":[{"count":0,"href":"https:\/\/www.biblia.work\/noticias\/wp-json\/wp\/v2\/posts\/12378\/revisions"}],"wp:attachment":[{"href":"https:\/\/www.biblia.work\/noticias\/wp-json\/wp\/v2\/media?parent=12378"}],"wp:term":[{"taxonomy":"category","embeddable":true,"href":"https:\/\/www.biblia.work\/noticias\/wp-json\/wp\/v2\/categories?post=12378"},{"taxonomy":"post_tag","embeddable":true,"href":"https:\/\/www.biblia.work\/noticias\/wp-json\/wp\/v2\/tags?post=12378"}],"curies":[{"name":"wp","href":"https:\/\/api.w.org\/{rel}","templated":true}]}}